{"id":19930,"date":"2014-09-11T11:59:56","date_gmt":"2014-09-11T14:59:56","guid":{"rendered":"http:\/\/www.cordobatimes.com\/deportes\/?p=19930"},"modified":"2014-09-11T11:59:56","modified_gmt":"2014-09-11T14:59:56","slug":"del-potro-retrasa-su-vuelta-al-circuito","status":"publish","type":"post","link":"https:\/\/www.cordobatimes.com\/deportes\/tenis\/2014\/09\/11\/del-potro-retrasa-su-vuelta-al-circuito\/","title":{"rendered":"Del Potro retrasa su vuelta al circuito"},"content":{"rendered":"<p style=\"text-align: center;\"><a href=\"http:\/\/www.cordobatimes.com\/deportes\/wp-content\/uploads\/2014\/09\/Del-Potro.jpeg\"><img loading=\"lazy\" decoding=\"async\" class=\"size-full wp-image-19931 aligncenter\" alt=\"Del Potro\" src=\"http:\/\/www.cordobatimes.com\/deportes\/wp-content\/uploads\/2014\/09\/Del-Potro.jpeg\" width=\"640\" height=\"480\" data-id=\"19931\" srcset=\"https:\/\/www.cordobatimes.com\/deportes\/wp-content\/uploads\/2014\/09\/Del-Potro.jpeg 640w, https:\/\/www.cordobatimes.com\/deportes\/wp-content\/uploads\/2014\/09\/Del-Potro-300x225.jpeg 300w\" sizes=\"auto, (max-width: 640px) 100vw, 640px\" \/><\/a><\/p>\n<h3 style=\"text-align: justify;\"><b>El tenista tandilense inform\u00f3 a trav\u00e9s de su cuenta de Facebook que se baja de la gira asi\u00e1tica (Malasia, Tokio y Shanghai), debido a que todav\u00eda no tiene el \u201cnivel competitivo necesario\u201d.<\/b><\/h3>\n<p style=\"text-align: justify;\">\n<p style=\"text-align: justify;\">\n<p style=\"text-align: justify;\">La vuelta de Juan Mart\u00edn del Potro al circuito tendr\u00e1 que esperar un poco m\u00e1s. As\u00ed lo manifest\u00f3 el jugador en su cuenta de Facebook, donde admiti\u00f3 que se baja de la gira asi\u00e1tica ya que todav\u00eda no cuenta con \u201cel nivel competitivo necesario\u201d.<\/p>\n<p style=\"text-align: justify;\">\u201cQuer\u00eda contarles que si bien la recuperaci\u00f3n de la mu\u00f1eca va por carriles normales, necesito un poco m\u00e1s de tiempo para alcanzar el nivel competitivo necesario para competir semana tras semana\u201d, comenz\u00f3 el tandilense.<\/p>\n<p style=\"text-align: justify;\">Luego agreg\u00f3: \u201cIntent\u00e9 estar listo para reaparecer en Asia, donde tuve grandes resultados el a\u00f1o pasado, pero no ser\u00e1 posible. Voy a extra\u00f1ar a mis fans en Malasia, Tokio y Shanghai, que siempre me tratan de forma espectacular\u201d.<\/p>\n<p style=\"text-align: justify;\">\u201cSeguir\u00e9 trabajando muy duro en mi recuperaci\u00f3n para jugar la temporada europea al final de a\u00f1o. Como siempre, gracias por sus mensajes\u201d, concluy\u00f3 \u201cDelpo\u201d, que no disputa un partido desde el 24 de febrero de este a\u00f1o, cuando cay\u00f3 en Dubai ante el indio Somdev Devvarman.<\/p>\n","protected":false},"excerpt":{"rendered":"<p>El tenista tandilense inform\u00f3 a trav\u00e9s de su cuenta de Facebook que se baja de la gira asi\u00e1tica (Malasia, Tokio y Shanghai), debido a que todav\u00eda no tiene el \u201cnivel competitivo necesario\u201d. La vuelta de Juan Mart\u00edn del Potro al circuito tendr\u00e1 que esperar un poco m\u00e1s. As\u00ed lo manifest\u00f3 el jugador en su cuenta [&hellip;]<\/p>\n","protected":false},"author":15,"featured_media":19931,"comment_status":"open","ping_status":"open","sticky":false,"template":"","format":"standard","meta":{"_seopress_robots_primary_cat":"","_seopress_titles_title":"","_seopress_titles_desc":"","_seopress_robots_index":"","footnotes":""},"categories":[4],"tags":[202,3977,520,368],"class_list":["post-19930","post","type-post","status-publish","format-standard","has-post-thumbnail","hentry","category-tenis","tag-atp","tag-gira-asiatica","tag-juan-martin-del-potro","tag-lesion"],"_links":{"self":[{"href":"https:\/\/www.cordobatimes.com\/deportes\/wp-json\/wp\/v2\/posts\/19930","targetHints":{"allow":["GET"]}}],"collection":[{"href":"https:\/\/www.cordobatimes.com\/deportes\/wp-json\/wp\/v2\/posts"}],"about":[{"href":"https:\/\/www.cordobatimes.com\/deportes\/wp-json\/wp\/v2\/types\/post"}],"author":[{"embeddable":true,"href":"https:\/\/www.cordobatimes.com\/deportes\/wp-json\/wp\/v2\/users\/15"}],"replies":[{"embeddable":true,"href":"https:\/\/www.cordobatimes.com\/deportes\/wp-json\/wp\/v2\/comments?post=19930"}],"version-history":[{"count":0,"href":"https:\/\/www.cordobatimes.com\/deportes\/wp-json\/wp\/v2\/posts\/19930\/revisions"}],"wp:featuredmedia":[{"embeddable":true,"href":"https:\/\/www.cordobatimes.com\/deportes\/wp-json\/wp\/v2\/media\/19931"}],"wp:attachment":[{"href":"https:\/\/www.cordobatimes.com\/deportes\/wp-json\/wp\/v2\/media?parent=19930"}],"wp:term":[{"taxonomy":"category","embeddable":true,"href":"https:\/\/www.cordobatimes.com\/deportes\/wp-json\/wp\/v2\/categories?post=19930"},{"taxonomy":"post_tag","embeddable":true,"href":"https:\/\/www.cordobatimes.com\/deportes\/wp-json\/wp\/v2\/tags?post=19930"}],"curies":[{"name":"wp","href":"https:\/\/api.w.org\/{rel}","templated":true}]}}