{"id":19721,"date":"2014-09-07T17:45:50","date_gmt":"2014-09-07T20:45:50","guid":{"rendered":"http:\/\/www.cordobatimes.com\/deportes\/?p=19721"},"modified":"2014-09-07T18:05:32","modified_gmt":"2014-09-07T21:05:32","slug":"godoy-cruz-y-defensa-se-repartieron-puntos","status":"publish","type":"post","link":"https:\/\/www.cordobatimes.com\/deportes\/futbol\/2014\/09\/07\/godoy-cruz-y-defensa-se-repartieron-puntos\/","title":{"rendered":"Godoy Cruz y Defensa se repartieron puntos"},"content":{"rendered":"<h3 style=\"text-align: justify;\"><strong><a href=\"http:\/\/www.cordobatimes.com\/deportes\/wp-content\/uploads\/2014\/09\/GodoyCruz_DyJ.jpg\"><img loading=\"lazy\" decoding=\"async\" class=\"alignnone  wp-image-19731\" style=\"margin: 5px;\" alt=\"GodoyCruz_DyJ\" src=\"http:\/\/www.cordobatimes.com\/deportes\/wp-content\/uploads\/2014\/09\/GodoyCruz_DyJ.jpg\" width=\"630\" height=\"441\" data-id=\"19731\" \/><\/a>El &#8220;Tomba&#8221; no pudo hacerse fuerte como local y termin\u00f3 empatando 1 a 1 con el conjunto de Florencio Varela. Sergio L\u00f3pez puso en ventaja a los locales, mientras que Julio Rodr\u00edguez logr\u00f3 la igualdad definitiva para los de Dar\u00edo Franco. Mir\u00e1 los tantos.<\/strong><\/h3>\n<p>&nbsp;<\/p>\n<p><iframe loading=\"lazy\" src=\"\/\/www.youtube.com\/embed\/CN2LIs9r0D4\" height=\"315\" width=\"100%\" allowfullscreen=\"\" frameborder=\"0\"><\/iframe><\/p>\n<p><iframe loading=\"lazy\" src=\"\/\/www.youtube.com\/embed\/a8Ek0ytxXL8\" height=\"315\" width=\"100%\" allowfullscreen=\"\" frameborder=\"0\"><\/iframe><\/p>\n<p><iframe loading=\"lazy\" src=\"http:\/\/cdntx.lanacion.com.ar\/deportes\/html\/v3\/module.html?channel=deportes.futbol.primeraa.200899&amp;lang=es_LA&amp;module=lineUpFull\" height=\"1000\" width=\"620\" frameborder=\"\" scrolling=\"auto\"><\/iframe><\/p>\n","protected":false},"excerpt":{"rendered":"<p>El &#8220;Tomba&#8221; no pudo hacerse fuerte como local y termin\u00f3 empatando 1 a 1 con el conjunto de Florencio Varela. Sergio L\u00f3pez puso en ventaja a los locales, mientras que Julio Rodr\u00edguez logr\u00f3 la igualdad definitiva para los de Dar\u00edo Franco. Mir\u00e1 los tantos. &nbsp;<\/p>\n","protected":false},"author":5,"featured_media":19731,"comment_status":"open","ping_status":"open","sticky":false,"template":"","format":"standard","meta":{"_seopress_robots_primary_cat":"","_seopress_titles_title":"","_seopress_titles_desc":"","_seopress_robots_index":"","footnotes":""},"categories":[2,16],"tags":[33,360,50,3150],"class_list":["post-19721","post","type-post","status-publish","format-standard","has-post-thumbnail","hentry","category-futbol","category-primera-division","tag-afa","tag-defensa-y-justicia","tag-godoy-cruz","tag-torneo-de-transicion"],"_links":{"self":[{"href":"https:\/\/www.cordobatimes.com\/deportes\/wp-json\/wp\/v2\/posts\/19721","targetHints":{"allow":["GET"]}}],"collection":[{"href":"https:\/\/www.cordobatimes.com\/deportes\/wp-json\/wp\/v2\/posts"}],"about":[{"href":"https:\/\/www.cordobatimes.com\/deportes\/wp-json\/wp\/v2\/types\/post"}],"author":[{"embeddable":true,"href":"https:\/\/www.cordobatimes.com\/deportes\/wp-json\/wp\/v2\/users\/5"}],"replies":[{"embeddable":true,"href":"https:\/\/www.cordobatimes.com\/deportes\/wp-json\/wp\/v2\/comments?post=19721"}],"version-history":[{"count":0,"href":"https:\/\/www.cordobatimes.com\/deportes\/wp-json\/wp\/v2\/posts\/19721\/revisions"}],"wp:featuredmedia":[{"embeddable":true,"href":"https:\/\/www.cordobatimes.com\/deportes\/wp-json\/wp\/v2\/media\/19731"}],"wp:attachment":[{"href":"https:\/\/www.cordobatimes.com\/deportes\/wp-json\/wp\/v2\/media?parent=19721"}],"wp:term":[{"taxonomy":"category","embeddable":true,"href":"https:\/\/www.cordobatimes.com\/deportes\/wp-json\/wp\/v2\/categories?post=19721"},{"taxonomy":"post_tag","embeddable":true,"href":"https:\/\/www.cordobatimes.com\/deportes\/wp-json\/wp\/v2\/tags?post=19721"}],"curies":[{"name":"wp","href":"https:\/\/api.w.org\/{rel}","templated":true}]}}