{"id":19627,"date":"2014-09-06T16:54:02","date_gmt":"2014-09-06T19:54:02","guid":{"rendered":"http:\/\/www.cordobatimes.com\/deportes\/?p=19627"},"modified":"2014-09-07T17:35:47","modified_gmt":"2014-09-07T20:35:47","slug":"rafaela-recibe-a-gimnasia-en-la-apertura-de-la-fecha","status":"publish","type":"post","link":"https:\/\/www.cordobatimes.com\/deportes\/futbol\/2014\/09\/06\/rafaela-recibe-a-gimnasia-en-la-apertura-de-la-fecha\/","title":{"rendered":"Rafaela venci\u00f3 2 a 0 a Gimnasia"},"content":{"rendered":"<h3 style=\"text-align: justify;\"><\/h3>\n<header>\n<hgroup>\n<h3><a href=\"http:\/\/www.cordobatimes.com\/deportes\/wp-content\/uploads\/2014\/09\/image540b349358cce6.64460005.jpg\"><img loading=\"lazy\" decoding=\"async\" class=\"aligncenter size-full wp-image-19668\" alt=\"image540b349358cce6.64460005\" src=\"http:\/\/www.cordobatimes.com\/deportes\/wp-content\/uploads\/2014\/09\/image540b349358cce6.64460005.jpg\" width=\"560\" height=\"371\" data-id=\"19668\" srcset=\"https:\/\/www.cordobatimes.com\/deportes\/wp-content\/uploads\/2014\/09\/image540b349358cce6.64460005.jpg 560w, https:\/\/www.cordobatimes.com\/deportes\/wp-content\/uploads\/2014\/09\/image540b349358cce6.64460005-300x198.jpg 300w\" sizes=\"auto, (max-width: 560px) 100vw, 560px\" \/><\/a><\/h3>\n<h3>&#8220;La Crema&#8221; derrot\u00f3 en su estadio al lobo platense. Albertengo y Roy\u00f3n marcaron los goles para el equipo santafesino.<\/h3>\n<\/hgroup>\n<\/header>\n<article>\n<div><\/div>\n<div><\/div>\n<\/article>\n<p style=\"text-align: justify;\">Atl\u00e9tico se recuper\u00f3 despu\u00e9s de dos derrotas consecutivas al vencer esta tarde a Gimnasia de La Plata por 2 a 0, de local, en la ciudad santafesina de Rafaela, en el partido que abri\u00f3 la sexta fecha del torneo de Primera Divisi\u00f3n de f\u00fatbol.<\/p>\n<p style=\"text-align: justify;\">Los goles del conjunto que dirige N\u00e9stor Sensini fue anotado por\u00a0<strong>Lucas Albertengo (PT 38m.) y Nicol\u00e1s Roy\u00f3n (ST 32m.)<\/strong>, respectivamente, mientras que Juan Leandro Quiroga (ST 31m.) fue expulsado en la visita.<\/p>\n<p>&nbsp;<\/p>\n<p><strong>FORMACIONES<\/strong><\/p>\n<p><b>Atl\u00e9tico Rafaela<\/b>: Esteban Conde; Mauricio G\u00f3mez o Joel Sacks, Sergio Vittor, Mart\u00edn D\u00edaz Pena o Jonathan Ferrari, Juan Eluchans; Walter Serrano, Adri\u00e1n Bastia, Germ\u00e1n Rodr\u00edguez Rojas, Federico Gonz\u00e1lez; Nicol\u00e1s Orsini y Lucas Albertengo.\u00a0<b>DT<\/b>: Roberto Sensini.<\/p>\n<div><b>Gimnasia<\/b>: Fernando Monetti; Facundo Oreja, Osvaldo Barsottini, Juan Quiroga, Lucas Licht; Dardo Miloc; Ezequiel Bonifacio, \u00c1lvaro Fern\u00e1ndez, Ignacio Fern\u00e1ndez, Javier Mendoza; Pablo Vegetti.\u00a0<b>DT<\/b>: Pedro Troglio.<\/div>\n","protected":false},"excerpt":{"rendered":"<p>&#8220;La Crema&#8221; derrot\u00f3 en su estadio al lobo platense. Albertengo y Roy\u00f3n marcaron los goles para el equipo santafesino. Atl\u00e9tico se recuper\u00f3 despu\u00e9s de dos derrotas consecutivas al vencer esta tarde a Gimnasia de La Plata por 2 a 0, de local, en la ciudad santafesina de Rafaela, en el partido que abri\u00f3 la sexta [&hellip;]<\/p>\n","protected":false},"author":2,"featured_media":19628,"comment_status":"open","ping_status":"open","sticky":false,"template":"","format":"standard","meta":{"_seopress_robots_primary_cat":"","_seopress_titles_title":"","_seopress_titles_desc":"","_seopress_robots_index":"","footnotes":""},"categories":[2,16],"tags":[33,3925],"class_list":["post-19627","post","type-post","status-publish","format-standard","has-post-thumbnail","hentry","category-futbol","category-primera-division","tag-afa","tag-rafaela-gimnasia-lp"],"_links":{"self":[{"href":"https:\/\/www.cordobatimes.com\/deportes\/wp-json\/wp\/v2\/posts\/19627","targetHints":{"allow":["GET"]}}],"collection":[{"href":"https:\/\/www.cordobatimes.com\/deportes\/wp-json\/wp\/v2\/posts"}],"about":[{"href":"https:\/\/www.cordobatimes.com\/deportes\/wp-json\/wp\/v2\/types\/post"}],"author":[{"embeddable":true,"href":"https:\/\/www.cordobatimes.com\/deportes\/wp-json\/wp\/v2\/users\/2"}],"replies":[{"embeddable":true,"href":"https:\/\/www.cordobatimes.com\/deportes\/wp-json\/wp\/v2\/comments?post=19627"}],"version-history":[{"count":0,"href":"https:\/\/www.cordobatimes.com\/deportes\/wp-json\/wp\/v2\/posts\/19627\/revisions"}],"wp:featuredmedia":[{"embeddable":true,"href":"https:\/\/www.cordobatimes.com\/deportes\/wp-json\/wp\/v2\/media\/19628"}],"wp:attachment":[{"href":"https:\/\/www.cordobatimes.com\/deportes\/wp-json\/wp\/v2\/media?parent=19627"}],"wp:term":[{"taxonomy":"category","embeddable":true,"href":"https:\/\/www.cordobatimes.com\/deportes\/wp-json\/wp\/v2\/categories?post=19627"},{"taxonomy":"post_tag","embeddable":true,"href":"https:\/\/www.cordobatimes.com\/deportes\/wp-json\/wp\/v2\/tags?post=19627"}],"curies":[{"name":"wp","href":"https:\/\/api.w.org\/{rel}","templated":true}]}}