{"id":19624,"date":"2014-09-05T17:37:01","date_gmt":"2014-09-05T20:37:01","guid":{"rendered":"http:\/\/www.cordobatimes.com\/deportes\/?p=19624"},"modified":"2014-09-05T17:37:01","modified_gmt":"2014-09-05T20:37:01","slug":"tevez-cerca-de-volver-a-la-seleccion","status":"publish","type":"post","link":"https:\/\/www.cordobatimes.com\/deportes\/futbol\/2014\/09\/05\/tevez-cerca-de-volver-a-la-seleccion\/","title":{"rendered":"T\u00e9vez cerca de volver a la selecci\u00f3n"},"content":{"rendered":"<p style=\"text-align: center;\"><a href=\"http:\/\/www.cordobatimes.com\/deportes\/wp-content\/uploads\/2014\/09\/Tevez.jpg\"><img loading=\"lazy\" decoding=\"async\" class=\"size-full wp-image-19625 aligncenter\" alt=\"Tevez\" src=\"http:\/\/www.cordobatimes.com\/deportes\/wp-content\/uploads\/2014\/09\/Tevez.jpg\" width=\"619\" height=\"464\" data-id=\"19625\" srcset=\"https:\/\/www.cordobatimes.com\/deportes\/wp-content\/uploads\/2014\/09\/Tevez.jpg 619w, https:\/\/www.cordobatimes.com\/deportes\/wp-content\/uploads\/2014\/09\/Tevez-300x224.jpg 300w\" sizes=\"auto, (max-width: 619px) 100vw, 619px\" \/><\/a><\/p>\n<h3 style=\"text-align: justify;\"><b>Luego de m\u00e1s de tres a\u00f1os de ausencia, el Tata Martino comenz\u00f3 el proceso para permitir el regreso del Apache a la celeste y blanca.<\/b><\/h3>\n<p style=\"text-align: justify;\">\n<p style=\"text-align: justify;\">\n<p style=\"text-align: justify;\">La selecci\u00f3n argentina cuenta con grandes posibilidades de volver a contar con Carlos T\u00e9vez, actualmente en la Juventus de Italia, para sus pr\u00f3ximos encuentros. En su presentaci\u00f3n, Gerardo Martino hab\u00eda anticipado que no iba a cerrarle las puertas a ning\u00fan jugador.<\/p>\n<p style=\"text-align: justify;\">Antes de dar un primer paso con el caso de Carlitos, opt\u00f3 por charlar el tema con el plantel en Dusseldorf, en el triunfo ante Alemania por 4-2. Aunque Lionel Messi no estaba presente, el Tata se encarg\u00f3 de consultarlo y a los otros referentes sobre la situaci\u00f3n y, luego de una charla, la vuelta del Apache comienza a ser una realidad.<\/p>\n<p style=\"text-align: justify;\">Todav\u00eda no hay ning\u00fan tiempo definido, ya que habr\u00e1 que ver si T\u00e9vez decide volver a vestir los colores de la selecci\u00f3n. La citaci\u00f3n podr\u00eda llegar tanto para la pr\u00f3xima doble fecha FIFA en Asia (11 de octubre ante Brasil en Pek\u00edn y tres d\u00edas despu\u00e9s frente a Hong Kong), como para los amistosos de noviembre en Norteam\u00e9rica. El primer compromiso oficial ser\u00e1 la Copa Am\u00e9rica 2015 de Chile.<\/p>\n","protected":false},"excerpt":{"rendered":"<p>Luego de m\u00e1s de tres a\u00f1os de ausencia, el Tata Martino comenz\u00f3 el proceso para permitir el regreso del Apache a la celeste y blanca. La selecci\u00f3n argentina cuenta con grandes posibilidades de volver a contar con Carlos T\u00e9vez, actualmente en la Juventus de Italia, para sus pr\u00f3ximos encuentros. En su presentaci\u00f3n, Gerardo Martino hab\u00eda [&hellip;]<\/p>\n","protected":false},"author":15,"featured_media":19625,"comment_status":"open","ping_status":"open","sticky":false,"template":"","format":"standard","meta":{"_seopress_robots_primary_cat":"","_seopress_titles_title":"","_seopress_titles_desc":"","_seopress_robots_index":"","footnotes":""},"categories":[2,18],"tags":[33,890,655,542,222],"class_list":["post-19624","post","type-post","status-publish","format-standard","has-post-thumbnail","hentry","category-futbol","category-futbol-internacional","tag-afa","tag-carlos-tevez","tag-lionel-messi","tag-seleccion-argentina","tag-tata-martino"],"_links":{"self":[{"href":"https:\/\/www.cordobatimes.com\/deportes\/wp-json\/wp\/v2\/posts\/19624","targetHints":{"allow":["GET"]}}],"collection":[{"href":"https:\/\/www.cordobatimes.com\/deportes\/wp-json\/wp\/v2\/posts"}],"about":[{"href":"https:\/\/www.cordobatimes.com\/deportes\/wp-json\/wp\/v2\/types\/post"}],"author":[{"embeddable":true,"href":"https:\/\/www.cordobatimes.com\/deportes\/wp-json\/wp\/v2\/users\/15"}],"replies":[{"embeddable":true,"href":"https:\/\/www.cordobatimes.com\/deportes\/wp-json\/wp\/v2\/comments?post=19624"}],"version-history":[{"count":0,"href":"https:\/\/www.cordobatimes.com\/deportes\/wp-json\/wp\/v2\/posts\/19624\/revisions"}],"wp:featuredmedia":[{"embeddable":true,"href":"https:\/\/www.cordobatimes.com\/deportes\/wp-json\/wp\/v2\/media\/19625"}],"wp:attachment":[{"href":"https:\/\/www.cordobatimes.com\/deportes\/wp-json\/wp\/v2\/media?parent=19624"}],"wp:term":[{"taxonomy":"category","embeddable":true,"href":"https:\/\/www.cordobatimes.com\/deportes\/wp-json\/wp\/v2\/categories?post=19624"},{"taxonomy":"post_tag","embeddable":true,"href":"https:\/\/www.cordobatimes.com\/deportes\/wp-json\/wp\/v2\/tags?post=19624"}],"curies":[{"name":"wp","href":"https:\/\/api.w.org\/{rel}","templated":true}]}}