{"id":19621,"date":"2014-09-05T17:24:07","date_gmt":"2014-09-05T20:24:07","guid":{"rendered":"http:\/\/www.cordobatimes.com\/deportes\/?p=19621"},"modified":"2014-09-05T17:24:07","modified_gmt":"2014-09-05T20:24:07","slug":"instituto-miliki-jimenez-fue-respaldado","status":"publish","type":"post","link":"https:\/\/www.cordobatimes.com\/deportes\/futbol\/2014\/09\/05\/instituto-miliki-jimenez-fue-respaldado\/","title":{"rendered":"Instituto: Miliki Jim\u00e9nez fue respaldado"},"content":{"rendered":"<p style=\"text-align: center;\"><a href=\"http:\/\/www.cordobatimes.com\/deportes\/wp-content\/uploads\/2014\/09\/Instituto.jpg\"><img loading=\"lazy\" decoding=\"async\" class=\"size-full wp-image-19622 aligncenter\" alt=\"Instituto\" src=\"http:\/\/www.cordobatimes.com\/deportes\/wp-content\/uploads\/2014\/09\/Instituto.jpg\" width=\"745\" height=\"408\" data-id=\"19622\" srcset=\"https:\/\/www.cordobatimes.com\/deportes\/wp-content\/uploads\/2014\/09\/Instituto.jpg 745w, https:\/\/www.cordobatimes.com\/deportes\/wp-content\/uploads\/2014\/09\/Instituto-300x164.jpg 300w\" sizes=\"auto, (max-width: 745px) 100vw, 745px\" \/><\/a><\/p>\n<h3 style=\"text-align: justify;\"><b>Luego de caer ante Douglas Haig, el plantel y la comisi\u00f3n directiva le brindaron su apoyo a Daniel Jim\u00e9nez, quien manifest\u00f3 que todav\u00eda no piensa irse porque est\u00e1 trabajando bien.<\/b><\/h3>\n<p style=\"text-align: justify;\">\n<p style=\"text-align: justify;\">\n<p style=\"text-align: justify;\">Luego de la derrota del mi\u00e9rcoles en Pergamino, comenz\u00f3 a circular el rumor de que el t\u00e9cnico podr\u00eda estar pensando en abandonar su cargo, ya que el mismo Jim\u00e9nez dijo: \u201cSi no sacamos un buen resultado el domingo, veremos que hacemos\u201d. Pero el jueves a la ma\u00f1ana, el propio Miliki manifest\u00f3 que esa no era su idea. \u201cNo pienso en renunciar\u201d, fueron las palabras del DT.<\/p>\n<p style=\"text-align: justify;\">Con el correr de las horas trascendi\u00f3 que en el viaje de vuelta hacia C\u00f3rdoba el cuerpo t\u00e9cnico hab\u00eda recibido el apoyo del plantel y luego de los directivos, que le devolvieron esa cuota de confianza que quiz\u00e1s el t\u00e9cnico necesitaba. Luego intento poner pa\u00f1os fr\u00edos a la situaci\u00f3n: \u201cFueron unos minutos donde la bronca por haber perdido as\u00ed te hace ver todo negativo\u201d.<\/p>\n<p style=\"text-align: justify;\">Luego aclaro que en el momento que sienta que le hace mal a la instituci\u00f3n, dar\u00e1 un paso al costado. Consultado sobre uqe deb\u00eda mejorar para revertir la racha, el DT coment\u00f3: \u201cCreo que la definci\u00f3n. Sin exagerar, en las cinco fechas hemos creado m\u00e1s de 20 situaciones claras y s\u00f3lo tenemos tres goles\u201d.<\/p>\n<p style=\"text-align: justify;\">Respecto a lo estrictamente futbol\u00edstico, para recibir el domingo a las 18.15 a Boca Unidos de Corrientes, el DT deber\u00e1 reemplazar si o si al expulsado Abel Masuero, Adem\u00e1s, tendr\u00e1 que observar a Christian Bernardi y Juan Carlos Maldonado que sufren algunas molestias.<\/p>\n","protected":false},"excerpt":{"rendered":"<p>Luego de caer ante Douglas Haig, el plantel y la comisi\u00f3n directiva le brindaron su apoyo a Daniel Jim\u00e9nez, quien manifest\u00f3 que todav\u00eda no piensa irse porque est\u00e1 trabajando bien. Luego de la derrota del mi\u00e9rcoles en Pergamino, comenz\u00f3 a circular el rumor de que el t\u00e9cnico podr\u00eda estar pensando en abandonar su cargo, ya [&hellip;]<\/p>\n","protected":false},"author":15,"featured_media":19622,"comment_status":"open","ping_status":"open","sticky":false,"template":"","format":"standard","meta":{"_seopress_robots_primary_cat":"","_seopress_titles_title":"","_seopress_titles_desc":"","_seopress_robots_index":"","footnotes":""},"categories":[2,17],"tags":[35,2033,2249],"class_list":["post-19621","post","type-post","status-publish","format-standard","has-post-thumbnail","hentry","category-futbol","category-nacional-b","tag-instituto","tag-miliki-jimenez","tag-primera-b-nacional"],"_links":{"self":[{"href":"https:\/\/www.cordobatimes.com\/deportes\/wp-json\/wp\/v2\/posts\/19621","targetHints":{"allow":["GET"]}}],"collection":[{"href":"https:\/\/www.cordobatimes.com\/deportes\/wp-json\/wp\/v2\/posts"}],"about":[{"href":"https:\/\/www.cordobatimes.com\/deportes\/wp-json\/wp\/v2\/types\/post"}],"author":[{"embeddable":true,"href":"https:\/\/www.cordobatimes.com\/deportes\/wp-json\/wp\/v2\/users\/15"}],"replies":[{"embeddable":true,"href":"https:\/\/www.cordobatimes.com\/deportes\/wp-json\/wp\/v2\/comments?post=19621"}],"version-history":[{"count":0,"href":"https:\/\/www.cordobatimes.com\/deportes\/wp-json\/wp\/v2\/posts\/19621\/revisions"}],"wp:featuredmedia":[{"embeddable":true,"href":"https:\/\/www.cordobatimes.com\/deportes\/wp-json\/wp\/v2\/media\/19622"}],"wp:attachment":[{"href":"https:\/\/www.cordobatimes.com\/deportes\/wp-json\/wp\/v2\/media?parent=19621"}],"wp:term":[{"taxonomy":"category","embeddable":true,"href":"https:\/\/www.cordobatimes.com\/deportes\/wp-json\/wp\/v2\/categories?post=19621"},{"taxonomy":"post_tag","embeddable":true,"href":"https:\/\/www.cordobatimes.com\/deportes\/wp-json\/wp\/v2\/tags?post=19621"}],"curies":[{"name":"wp","href":"https:\/\/api.w.org\/{rel}","templated":true}]}}