{"id":19549,"date":"2014-09-04T12:03:55","date_gmt":"2014-09-04T15:03:55","guid":{"rendered":"http:\/\/www.cordobatimes.com\/deportes\/?p=19549"},"modified":"2019-04-11T22:25:46","modified_gmt":"2019-04-12T01:25:46","slug":"joachim-low-no-hubiesemos-perdido-aunque-di-maria-hubiese-jugado-la-final","status":"publish","type":"post","link":"https:\/\/www.cordobatimes.com\/deportes\/futbol-internacional\/2014\/09\/04\/joachim-low-no-hubiesemos-perdido-aunque-di-maria-hubiese-jugado-la-final\/","title":{"rendered":"Joachim Low: &#8220;No hubi\u00e9semos perdido aunque Di Mar\u00eda hubiese jugado la final&#8221;"},"content":{"rendered":"<h3 style=\"text-align: justify;\"><b>El entrenador del seleccionado alem\u00e1n dijo, luego de la contundente derrota de ayer, que Fideo no habr\u00eda podido cambiar la historia en la final de Brasil 2014.<\/b><\/h3>\n<p style=\"text-align: justify;\">Ayer por la tarde Argentina jugo un partido casi perfecto, capitaliz\u00f3 todas las chances que tuvo en ataque y se impuso por un claro 4-2. \u00c1ngel Di Mar\u00eda fue la figura de la cancha, dando tres asistencias y marcando un gol con una gran definici\u00f3n.<\/p>\n<p style=\"text-align: justify;\">Una vez finalizado el encuentro, el DT Joachim Low coment\u00f3 que hubiese ocurrido si el rosarino jugaba la final el pasado 13 de julio: \u201cYo creo que no hubi\u00e9semos perdido aunque Di Mar\u00eda hubiese jugado. Aunque es un gran jugador no podr\u00eda haber hecho nada contra nosotros en ese d\u00eda en particular\u201d.<\/p>\n<p style=\"text-align: justify;\">Por su parte, la prensa teutona se deshizo en elogios para \u201cAngelito\u201d. \u201cLa estrella argentina ante Alemania: Santa Mar\u00eda\u201d, titulaba \u201cDer Spiegel\u201d. \u201cEl argentino \u00c1ngel Di Mar\u00eda jug\u00f3 de manera extraordinaria en el partido ante Alemania. Dio la asistencia en tres goles y marc\u00f3 un tanto\u201d, agreg\u00f3 la revista en su p\u00e1gina web.<\/p>\n<p style=\"text-align: justify;\">Por \u00faltimo, el canal alem\u00e1n N-TV destac\u00f3 en su p\u00e1gina web el papel argentino. \u201cDi Mar\u00eda brilla. A pesar de ello, Low fanfarronea\u201d, escribe sobre las palabras del DT b\u00e1varo al recordar a Argentina que ya no puede ganar el t\u00edtulo mundial. No fue una revancha, pero al menos nos permiti\u00f3 a todos los argentinos sacarnos un poquito la espina de lo sucedido hace casi dos meses atr\u00e1s.<\/p>\n","protected":false},"excerpt":{"rendered":"<p>El entrenador del seleccionado alem\u00e1n dijo, luego de la contundente derrota de ayer, que Fideo no habr\u00eda podido cambiar la historia en la final de Brasil 2014. Ayer por la tarde Argentina jugo un partido casi perfecto, capitaliz\u00f3 todas las chances que tuvo en ataque y se impuso por un claro 4-2. \u00c1ngel Di Mar\u00eda [&hellip;]<\/p>\n","protected":false},"author":15,"featured_media":19553,"comment_status":"open","ping_status":"open","sticky":false,"template":"","format":"standard","meta":{"_seopress_robots_primary_cat":"none","_seopress_titles_title":"","_seopress_titles_desc":"","_seopress_robots_index":"","footnotes":""},"categories":[18],"tags":[1857,3501,3270],"class_list":["post-19549","post","type-post","status-publish","format-standard","has-post-thumbnail","hentry","category-futbol-internacional","tag-angel-di-maria","tag-argentina-alemania","tag-joachim-low"],"_links":{"self":[{"href":"https:\/\/www.cordobatimes.com\/deportes\/wp-json\/wp\/v2\/posts\/19549","targetHints":{"allow":["GET"]}}],"collection":[{"href":"https:\/\/www.cordobatimes.com\/deportes\/wp-json\/wp\/v2\/posts"}],"about":[{"href":"https:\/\/www.cordobatimes.com\/deportes\/wp-json\/wp\/v2\/types\/post"}],"author":[{"embeddable":true,"href":"https:\/\/www.cordobatimes.com\/deportes\/wp-json\/wp\/v2\/users\/15"}],"replies":[{"embeddable":true,"href":"https:\/\/www.cordobatimes.com\/deportes\/wp-json\/wp\/v2\/comments?post=19549"}],"version-history":[{"count":0,"href":"https:\/\/www.cordobatimes.com\/deportes\/wp-json\/wp\/v2\/posts\/19549\/revisions"}],"wp:featuredmedia":[{"embeddable":true,"href":"https:\/\/www.cordobatimes.com\/deportes\/wp-json\/wp\/v2\/media\/19553"}],"wp:attachment":[{"href":"https:\/\/www.cordobatimes.com\/deportes\/wp-json\/wp\/v2\/media?parent=19549"}],"wp:term":[{"taxonomy":"category","embeddable":true,"href":"https:\/\/www.cordobatimes.com\/deportes\/wp-json\/wp\/v2\/categories?post=19549"},{"taxonomy":"post_tag","embeddable":true,"href":"https:\/\/www.cordobatimes.com\/deportes\/wp-json\/wp\/v2\/tags?post=19549"}],"curies":[{"name":"wp","href":"https:\/\/api.w.org\/{rel}","templated":true}]}}