{"id":19504,"date":"2014-09-03T14:56:32","date_gmt":"2014-09-03T17:56:32","guid":{"rendered":"http:\/\/www.cordobatimes.com\/deportes\/?p=19504"},"modified":"2014-09-03T18:24:56","modified_gmt":"2014-09-03T21:24:56","slug":"jorge-ghiso-tuvo-que-ser-internado","status":"publish","type":"post","link":"https:\/\/www.cordobatimes.com\/deportes\/futbol\/2014\/09\/03\/jorge-ghiso-tuvo-que-ser-internado\/","title":{"rendered":"Jorge Ghiso tuvo que ser internado"},"content":{"rendered":"<p style=\"text-align: center;\"><a href=\"http:\/\/www.cordobatimes.com\/deportes\/wp-content\/uploads\/2014\/09\/vitrola.jpg\"><img loading=\"lazy\" decoding=\"async\" class=\"size-full wp-image-19505 aligncenter\" alt=\"vitrola\" src=\"http:\/\/www.cordobatimes.com\/deportes\/wp-content\/uploads\/2014\/09\/vitrola.jpg\" width=\"745\" height=\"408\" data-id=\"19505\" srcset=\"https:\/\/www.cordobatimes.com\/deportes\/wp-content\/uploads\/2014\/09\/vitrola.jpg 745w, https:\/\/www.cordobatimes.com\/deportes\/wp-content\/uploads\/2014\/09\/vitrola-300x164.jpg 300w\" sizes=\"auto, (max-width: 745px) 100vw, 745px\" \/><\/a><\/p>\n<h3 style=\"text-align: justify;\"><b>Vitrola se encuentra en observaci\u00f3n en el Sanatorio Mayo desde las 9 de la ma\u00f1ana aproximadamente. Es por un c\u00f3lico renal, aunque no ser\u00eda de\u00a0<\/b><b>gravedad.<\/b><\/h3>\n<h3 style=\"text-align: justify;\"><\/h3>\n<p style=\"text-align: justify;\">Jorge Ghiso, despedido d\u00edas atr\u00e1s como entrenador de Talleres, se encuentra internado en el sanatorio Mayo. Seg\u00fan explic\u00f3 Ignacio, su hijo, su caso \u201cno ser\u00eda de gravedad\u201d. Seg\u00fan se supo, en un principio se tratar\u00eda de c\u00e1lculos renales.<\/p>\n<p style=\"text-align: justify;\">\u201cAnoche cuando volvi\u00f3 de un programa, empez\u00f3 con unos dolores en el ri\u00f1\u00f3n y en toda la zona. A la ma\u00f1ana ya no aguant\u00f3, me llam\u00f3 y lo alcance hasta la guardia de la cl\u00ednica\u201d, coment\u00f3 Ignacio a los medios.<\/p>\n<p style=\"text-align: justify;\">\u201cNo es nada grave. Lo tienen en observaci\u00f3n y le dieron algunos calmantes. El m\u00e9dico le dijo que con todo lo que sucedi\u00f3 en estos d\u00edas, por el estr\u00e9s, se puede haber disparado un problema que por ah\u00ed ya ven\u00eda de antes. Hasta ahora s\u00f3lo vimos la ecograf\u00eda y esperamos los resultados de otros estudios para la tarde\u201d, concluy\u00f3.<\/p>\n","protected":false},"excerpt":{"rendered":"<p>Vitrola se encuentra en observaci\u00f3n en el Sanatorio Mayo desde las 9 de la ma\u00f1ana aproximadamente. Es por un c\u00f3lico renal, aunque no ser\u00eda de\u00a0gravedad. Jorge Ghiso, despedido d\u00edas atr\u00e1s como entrenador de Talleres, se encuentra internado en el sanatorio Mayo. Seg\u00fan explic\u00f3 Ignacio, su hijo, su caso \u201cno ser\u00eda de gravedad\u201d. Seg\u00fan se supo, [&hellip;]<\/p>\n","protected":false},"author":15,"featured_media":19505,"comment_status":"open","ping_status":"open","sticky":false,"template":"","format":"standard","meta":{"_seopress_robots_primary_cat":"","_seopress_titles_title":"","_seopress_titles_desc":"","_seopress_robots_index":"","footnotes":""},"categories":[2],"tags":[3916,40,2989],"class_list":["post-19504","post","type-post","status-publish","format-standard","has-post-thumbnail","hentry","category-futbol","tag-problemas-de-salud","tag-talleres","tag-vitrola-ghiso"],"_links":{"self":[{"href":"https:\/\/www.cordobatimes.com\/deportes\/wp-json\/wp\/v2\/posts\/19504","targetHints":{"allow":["GET"]}}],"collection":[{"href":"https:\/\/www.cordobatimes.com\/deportes\/wp-json\/wp\/v2\/posts"}],"about":[{"href":"https:\/\/www.cordobatimes.com\/deportes\/wp-json\/wp\/v2\/types\/post"}],"author":[{"embeddable":true,"href":"https:\/\/www.cordobatimes.com\/deportes\/wp-json\/wp\/v2\/users\/15"}],"replies":[{"embeddable":true,"href":"https:\/\/www.cordobatimes.com\/deportes\/wp-json\/wp\/v2\/comments?post=19504"}],"version-history":[{"count":0,"href":"https:\/\/www.cordobatimes.com\/deportes\/wp-json\/wp\/v2\/posts\/19504\/revisions"}],"wp:featuredmedia":[{"embeddable":true,"href":"https:\/\/www.cordobatimes.com\/deportes\/wp-json\/wp\/v2\/media\/19505"}],"wp:attachment":[{"href":"https:\/\/www.cordobatimes.com\/deportes\/wp-json\/wp\/v2\/media?parent=19504"}],"wp:term":[{"taxonomy":"category","embeddable":true,"href":"https:\/\/www.cordobatimes.com\/deportes\/wp-json\/wp\/v2\/categories?post=19504"},{"taxonomy":"post_tag","embeddable":true,"href":"https:\/\/www.cordobatimes.com\/deportes\/wp-json\/wp\/v2\/tags?post=19504"}],"curies":[{"name":"wp","href":"https:\/\/api.w.org\/{rel}","templated":true}]}}