{"id":19493,"date":"2014-09-03T09:06:35","date_gmt":"2014-09-03T12:06:35","guid":{"rendered":"http:\/\/www.cordobatimes.com\/deportes\/?p=19493"},"modified":"2014-09-03T09:06:35","modified_gmt":"2014-09-03T12:06:35","slug":"lo-que-te-devoraste-2","status":"publish","type":"post","link":"https:\/\/www.cordobatimes.com\/deportes\/futbol-internacional\/2014\/09\/03\/lo-que-te-devoraste-2\/","title":{"rendered":"\u00a1Lo que te devoraste!"},"content":{"rendered":"<h3><strong><a href=\"http:\/\/www.cordobatimes.com\/deportes\/wp-content\/uploads\/2014\/09\/Junior-Malanda.jpg\"><img loading=\"lazy\" decoding=\"async\" class=\"size-full wp-image-19494 aligncenter\" alt=\"Junior Malanda\" src=\"http:\/\/www.cordobatimes.com\/deportes\/wp-content\/uploads\/2014\/09\/Junior-Malanda.jpg\" width=\"624\" height=\"351\" data-id=\"19494\" srcset=\"https:\/\/www.cordobatimes.com\/deportes\/wp-content\/uploads\/2014\/09\/Junior-Malanda.jpg 624w, https:\/\/www.cordobatimes.com\/deportes\/wp-content\/uploads\/2014\/09\/Junior-Malanda-300x168.jpg 300w\" sizes=\"auto, (max-width: 624px) 100vw, 624px\" \/><\/a><\/strong><\/h3>\n<h3 style=\"text-align: justify;\"><strong>Junior Malanda, delantero perteneciente al Wolfsburgo alem\u00e1n, volvi\u00f3 a ser noticia. A sus 20 a\u00f1os, esta gran promesa se hizo famosa por fallar goles increibles y el pasado fin de semana volvi\u00f3 a aportar al ranking de los errados. Mir\u00e1 el video.<\/strong><\/h3>\n<p style=\"text-align: justify;\">\n<p style=\"text-align: justify;\">El duelo ante el Frankfurt finaliz\u00f3 2-2 y este mediocampista tuvo una acci\u00f3n que le hubiese permitido cambiar el resultado. Te dejamos las im\u00e1genes porque son imperdibles:<\/p>\n<p>\u00a0<iframe loading=\"lazy\" src=\"\/\/www.youtube.com\/embed\/b5RIvVqN1ws\" height=\"315\" width=\"560\" allowfullscreen=\"\" frameborder=\"0\"><\/iframe><\/p>\n","protected":false},"excerpt":{"rendered":"<p>Junior Malanda, delantero perteneciente al Wolfsburgo alem\u00e1n, volvi\u00f3 a ser noticia. A sus 20 a\u00f1os, esta gran promesa se hizo famosa por fallar goles increibles y el pasado fin de semana volvi\u00f3 a aportar al ranking de los errados. Mir\u00e1 el video. El duelo ante el Frankfurt finaliz\u00f3 2-2 y este mediocampista tuvo una acci\u00f3n [&hellip;]<\/p>\n","protected":false},"author":2,"featured_media":19494,"comment_status":"open","ping_status":"open","sticky":false,"template":"","format":"standard","meta":{"_seopress_robots_primary_cat":"","_seopress_titles_title":"","_seopress_titles_desc":"","_seopress_robots_index":"","footnotes":""},"categories":[18],"tags":[418,3914,3913,3912],"class_list":["post-19493","post","type-post","status-publish","format-standard","has-post-thumbnail","hentry","category-futbol-internacional","tag-alemania","tag-gol-errado-increiblemente","tag-junior-malanda","tag-wolfsburgo"],"_links":{"self":[{"href":"https:\/\/www.cordobatimes.com\/deportes\/wp-json\/wp\/v2\/posts\/19493","targetHints":{"allow":["GET"]}}],"collection":[{"href":"https:\/\/www.cordobatimes.com\/deportes\/wp-json\/wp\/v2\/posts"}],"about":[{"href":"https:\/\/www.cordobatimes.com\/deportes\/wp-json\/wp\/v2\/types\/post"}],"author":[{"embeddable":true,"href":"https:\/\/www.cordobatimes.com\/deportes\/wp-json\/wp\/v2\/users\/2"}],"replies":[{"embeddable":true,"href":"https:\/\/www.cordobatimes.com\/deportes\/wp-json\/wp\/v2\/comments?post=19493"}],"version-history":[{"count":0,"href":"https:\/\/www.cordobatimes.com\/deportes\/wp-json\/wp\/v2\/posts\/19493\/revisions"}],"wp:featuredmedia":[{"embeddable":true,"href":"https:\/\/www.cordobatimes.com\/deportes\/wp-json\/wp\/v2\/media\/19494"}],"wp:attachment":[{"href":"https:\/\/www.cordobatimes.com\/deportes\/wp-json\/wp\/v2\/media?parent=19493"}],"wp:term":[{"taxonomy":"category","embeddable":true,"href":"https:\/\/www.cordobatimes.com\/deportes\/wp-json\/wp\/v2\/categories?post=19493"},{"taxonomy":"post_tag","embeddable":true,"href":"https:\/\/www.cordobatimes.com\/deportes\/wp-json\/wp\/v2\/tags?post=19493"}],"curies":[{"name":"wp","href":"https:\/\/api.w.org\/{rel}","templated":true}]}}