{"id":19483,"date":"2014-09-03T17:00:20","date_gmt":"2014-09-03T20:00:20","guid":{"rendered":"http:\/\/www.cordobatimes.com\/deportes\/?p=19483"},"modified":"2014-09-04T12:25:18","modified_gmt":"2014-09-04T15:25:18","slug":"gimnasia-y-estudiantes-abren-su-llave-de-copa-sudamericana","status":"publish","type":"post","link":"https:\/\/www.cordobatimes.com\/deportes\/futbol\/2014\/09\/03\/gimnasia-y-estudiantes-abren-su-llave-de-copa-sudamericana\/","title":{"rendered":"Gimnasia y Estudiantes igualaron sin goles por la Sudamericana"},"content":{"rendered":"<h3><strong><a href=\"http:\/\/www.cordobatimes.com\/deportes\/wp-content\/uploads\/2014\/09\/Cl\u00e1sico-de-La-Plata.jpg\"><img loading=\"lazy\" decoding=\"async\" class=\"size-full wp-image-19484 aligncenter\" alt=\"Cl\u00e1sico de La Plata\" src=\"http:\/\/www.cordobatimes.com\/deportes\/wp-content\/uploads\/2014\/09\/Cl\u00e1sico-de-La-Plata.jpg\" width=\"970\" height=\"545\" data-id=\"19484\" srcset=\"https:\/\/www.cordobatimes.com\/deportes\/wp-content\/uploads\/2014\/09\/Cl\u00e1sico-de-La-Plata.jpg 970w, https:\/\/www.cordobatimes.com\/deportes\/wp-content\/uploads\/2014\/09\/Cl\u00e1sico-de-La-Plata-300x168.jpg 300w\" sizes=\"auto, (max-width: 970px) 100vw, 970px\" \/><\/a><\/strong><\/h3>\n<h3 style=\"text-align: justify;\"><strong>El primer cl\u00e1sico platense a nivel internacional termin\u00f3 0 a 0. El duelo disputado en el Bosque por la ida del certamen fue intenso y trabado, pero falt\u00f3 juego. El que consiga una victoria\u00a0en la vuelta donde avanzar\u00e1 a los octavos de la Copa.<\/strong><\/h3>\n<p style=\"text-align: justify;\">\n<p style=\"text-align: justify;\">En un partido por la segunda fase de la Copa Sudamericana, por primera vez en la historia se ve\u00edan las caras Gimnasia y Estudiantes a nivel internacional.<\/p>\n<p style=\"text-align: justify;\">El cl\u00e1sico de La Plata promet\u00eda m\u00e1s de lo que fue y termin\u00f3 siendo un muy pobre 0-0 en el Bosque. El &#8220;Pincha&#8221; tuvo las m\u00e1s claras, pero al final termin\u00f3 siendo negocio para los de Pellegrino.<\/p>\n<p style=\"text-align: justify;\">La llave se definir\u00e1\u00a0el martes 16\u00a0en el Estadio \u00danico, donde el que logre el triunfo acceder\u00e1 a los octavos de final del certamen.<\/p>\n<p style=\"text-align: justify;\"><strong>FORMACIONES<\/strong><\/p>\n<p style=\"text-align: justify;\"><strong>Gimnasia:<\/strong>\u00a0Fernando Monetti; Facundo Oreja, Osvaldo Barsottini, Juan Quiroga y Lucas Licht; Omar Pouso; Jorge Rojas, Alvaro Fern\u00e1ndez, Ignacio Fern\u00e1ndez y Javier Mendoza; Pablo Vegetti. Director t\u00e9cnico: Pedro Troglio.<\/p>\n<p style=\"text-align: justify;\"><strong>Estudiantes:\u00a0<\/strong>Agust\u00edn Silva; Leonardo Jara, Jonathan Schunke, Leandro Des\u00e1bato y Germ\u00e1n Re; Carlos Auzqui, Gast\u00f3n Gil Romero, Rom\u00e1n Mart\u00ednez y Joaqu\u00edn Correa; Diego Vera y Guido Carrillo: Director T\u00e9cnico: Mauricio Pellegrino.<\/p>\n","protected":false},"excerpt":{"rendered":"<p>El primer cl\u00e1sico platense a nivel internacional termin\u00f3 0 a 0. El duelo disputado en el Bosque por la ida del certamen fue intenso y trabado, pero falt\u00f3 juego. El que consiga una victoria\u00a0en la vuelta donde avanzar\u00e1 a los octavos de la Copa. En un partido por la segunda fase de la Copa Sudamericana, [&hellip;]<\/p>\n","protected":false},"author":5,"featured_media":19484,"comment_status":"open","ping_status":"open","sticky":false,"template":"","format":"standard","meta":{"_seopress_robots_primary_cat":"","_seopress_titles_title":"","_seopress_titles_desc":"","_seopress_robots_index":"","footnotes":""},"categories":[23,2],"tags":[68,3909,1698,96],"class_list":["post-19483","post","type-post","status-publish","format-standard","has-post-thumbnail","hentry","category-copa-sudamericana","category-futbol","tag-clasico","tag-copa-sudamericana-2014","tag-estudiantes-gimnasia","tag-la-plata"],"_links":{"self":[{"href":"https:\/\/www.cordobatimes.com\/deportes\/wp-json\/wp\/v2\/posts\/19483","targetHints":{"allow":["GET"]}}],"collection":[{"href":"https:\/\/www.cordobatimes.com\/deportes\/wp-json\/wp\/v2\/posts"}],"about":[{"href":"https:\/\/www.cordobatimes.com\/deportes\/wp-json\/wp\/v2\/types\/post"}],"author":[{"embeddable":true,"href":"https:\/\/www.cordobatimes.com\/deportes\/wp-json\/wp\/v2\/users\/5"}],"replies":[{"embeddable":true,"href":"https:\/\/www.cordobatimes.com\/deportes\/wp-json\/wp\/v2\/comments?post=19483"}],"version-history":[{"count":0,"href":"https:\/\/www.cordobatimes.com\/deportes\/wp-json\/wp\/v2\/posts\/19483\/revisions"}],"wp:featuredmedia":[{"embeddable":true,"href":"https:\/\/www.cordobatimes.com\/deportes\/wp-json\/wp\/v2\/media\/19484"}],"wp:attachment":[{"href":"https:\/\/www.cordobatimes.com\/deportes\/wp-json\/wp\/v2\/media?parent=19483"}],"wp:term":[{"taxonomy":"category","embeddable":true,"href":"https:\/\/www.cordobatimes.com\/deportes\/wp-json\/wp\/v2\/categories?post=19483"},{"taxonomy":"post_tag","embeddable":true,"href":"https:\/\/www.cordobatimes.com\/deportes\/wp-json\/wp\/v2\/tags?post=19483"}],"curies":[{"name":"wp","href":"https:\/\/api.w.org\/{rel}","templated":true}]}}