{"id":19460,"date":"2014-09-02T20:24:57","date_gmt":"2014-09-02T23:24:57","guid":{"rendered":"http:\/\/www.cordobatimes.com\/deportes\/?p=19460"},"modified":"2014-09-02T20:25:42","modified_gmt":"2014-09-02T23:25:42","slug":"ronaldinho-conmemoro-el-dia-mundial-del-freestyle-video","status":"publish","type":"post","link":"https:\/\/www.cordobatimes.com\/deportes\/futbol-internacional\/2014\/09\/02\/ronaldinho-conmemoro-el-dia-mundial-del-freestyle-video\/","title":{"rendered":"Ronaldinho conmemor\u00f3 el D\u00eda Mundial del Freestyle (Video)"},"content":{"rendered":"<h3><strong><a href=\"http:\/\/www.cordobatimes.com\/deportes\/wp-content\/uploads\/2014\/05\/Ronaldinho.jpg\"><img loading=\"lazy\" decoding=\"async\" class=\"size-full wp-image-14482 aligncenter\" alt=\"Ronaldinho\" src=\"http:\/\/www.cordobatimes.com\/deportes\/wp-content\/uploads\/2014\/05\/Ronaldinho.jpg\" width=\"774\" height=\"500\" data-id=\"14482\" srcset=\"https:\/\/www.cordobatimes.com\/deportes\/wp-content\/uploads\/2014\/05\/Ronaldinho.jpg 774w, https:\/\/www.cordobatimes.com\/deportes\/wp-content\/uploads\/2014\/05\/Ronaldinho-300x193.jpg 300w\" sizes=\"auto, (max-width: 774px) 100vw, 774px\" \/><\/a><\/strong><\/h3>\n<h3 style=\"text-align: justify;\"><strong>Uno de los jugadores m\u00e1s t\u00e9cnicos que dio el f\u00fatbol contempor\u00e1neo fue part\u00edcipe de una campa\u00f1a publicitaria que celebra un nuevo aniversario de esta disciplina. No te pierdas las im\u00e1genes.<\/strong><\/h3>\n<p>&nbsp;<\/p>\n<p style=\"text-align: justify;\">En el video se ve al 10 brasile\u00f1o, todav\u00eda sin club en la actualidad, mostrando algunos de sus mejores trucos, durmi\u00e9ndola en la nuca, haciendo jueguitos de diferentes maneras y hasta bailando, acompa\u00f1ado de efectos especiales.<\/p>\n<p style=\"text-align: justify;\">Miralo:<\/p>\n<p>\u00a0<iframe loading=\"lazy\" src=\"\/\/www.youtube.com\/embed\/9D8pqUxi3fI\" height=\"315\" width=\"560\" allowfullscreen=\"\" frameborder=\"0\"><\/iframe><\/p>\n","protected":false},"excerpt":{"rendered":"<p>Uno de los jugadores m\u00e1s t\u00e9cnicos que dio el f\u00fatbol contempor\u00e1neo fue part\u00edcipe de una campa\u00f1a publicitaria que celebra un nuevo aniversario de esta disciplina. No te pierdas las im\u00e1genes. &nbsp; En el video se ve al 10 brasile\u00f1o, todav\u00eda sin club en la actualidad, mostrando algunos de sus mejores trucos, durmi\u00e9ndola en la nuca, [&hellip;]<\/p>\n","protected":false},"author":2,"featured_media":14482,"comment_status":"open","ping_status":"open","sticky":false,"template":"","format":"standard","meta":{"_seopress_robots_primary_cat":"","_seopress_titles_title":"","_seopress_titles_desc":"","_seopress_robots_index":"","footnotes":""},"categories":[18],"tags":[3904,855],"class_list":["post-19460","post","type-post","status-publish","format-standard","has-post-thumbnail","hentry","category-futbol-internacional","tag-dia-mundial-del-freestyle","tag-ronaldinho"],"_links":{"self":[{"href":"https:\/\/www.cordobatimes.com\/deportes\/wp-json\/wp\/v2\/posts\/19460","targetHints":{"allow":["GET"]}}],"collection":[{"href":"https:\/\/www.cordobatimes.com\/deportes\/wp-json\/wp\/v2\/posts"}],"about":[{"href":"https:\/\/www.cordobatimes.com\/deportes\/wp-json\/wp\/v2\/types\/post"}],"author":[{"embeddable":true,"href":"https:\/\/www.cordobatimes.com\/deportes\/wp-json\/wp\/v2\/users\/2"}],"replies":[{"embeddable":true,"href":"https:\/\/www.cordobatimes.com\/deportes\/wp-json\/wp\/v2\/comments?post=19460"}],"version-history":[{"count":0,"href":"https:\/\/www.cordobatimes.com\/deportes\/wp-json\/wp\/v2\/posts\/19460\/revisions"}],"wp:featuredmedia":[{"embeddable":true,"href":"https:\/\/www.cordobatimes.com\/deportes\/wp-json\/wp\/v2\/media\/14482"}],"wp:attachment":[{"href":"https:\/\/www.cordobatimes.com\/deportes\/wp-json\/wp\/v2\/media?parent=19460"}],"wp:term":[{"taxonomy":"category","embeddable":true,"href":"https:\/\/www.cordobatimes.com\/deportes\/wp-json\/wp\/v2\/categories?post=19460"},{"taxonomy":"post_tag","embeddable":true,"href":"https:\/\/www.cordobatimes.com\/deportes\/wp-json\/wp\/v2\/tags?post=19460"}],"curies":[{"name":"wp","href":"https:\/\/api.w.org\/{rel}","templated":true}]}}