{"id":19449,"date":"2014-09-02T11:52:14","date_gmt":"2014-09-02T14:52:14","guid":{"rendered":"http:\/\/www.cordobatimes.com\/deportes\/?p=19449"},"modified":"2014-09-02T11:52:14","modified_gmt":"2014-09-02T14:52:14","slug":"instituto-jimenez-prueba-variantes","status":"publish","type":"post","link":"https:\/\/www.cordobatimes.com\/deportes\/futbol\/2014\/09\/02\/instituto-jimenez-prueba-variantes\/","title":{"rendered":"Instituto: Jim\u00e9nez prueba variantes"},"content":{"rendered":"<p style=\"text-align: center;\"><a href=\"http:\/\/www.cordobatimes.com\/deportes\/wp-content\/uploads\/2014\/09\/Gloria.jpg\"><img loading=\"lazy\" decoding=\"async\" class=\"size-full wp-image-19450 aligncenter\" alt=\"Gloria\" src=\"http:\/\/www.cordobatimes.com\/deportes\/wp-content\/uploads\/2014\/09\/Gloria.jpg\" width=\"590\" height=\"360\" data-id=\"19450\" srcset=\"https:\/\/www.cordobatimes.com\/deportes\/wp-content\/uploads\/2014\/09\/Gloria.jpg 590w, https:\/\/www.cordobatimes.com\/deportes\/wp-content\/uploads\/2014\/09\/Gloria-300x183.jpg 300w\" sizes=\"auto, (max-width: 590px) 100vw, 590px\" \/><\/a><\/p>\n<h3 style=\"text-align: justify;\"><b>El DT prob\u00f3 ayer con un 4-3-1-2 para visitar ma\u00f1ana, desde las 19, a Douglas Haig en Pergamino. Bernardi es la \u00fanica duda en la alineaci\u00f3n titular.<\/b><\/h3>\n<p style=\"text-align: justify;\">\n<p style=\"text-align: justify;\">\n<p style=\"text-align: justify;\">Instituto trabaj\u00f3 ayer en Alta C\u00f3rdoba y \u201cMiliki\u201d Jim\u00e9nez prob\u00f3 con un cambio de sistema, donde se busc\u00f3 que Javier Vel\u00e1zquez est\u00e9 m\u00e1s acompa\u00f1ado que en el partido del viernes ante Ferro.<\/p>\n<p style=\"text-align: justify;\">El esquema probado fue un 4-3-1-2, suponiendo la presencia de un enganche y dos puntas bien definidos. En cuanto a nombres, la \u00fanica variante fue el ingreso de Juan Carlos Maldonado por Marcos Aguirre en el sector izquierdo del mediocampo. En la defensa hubo un cambio, pero posicional, ya que Ra\u00fal Damiani pas\u00f3 a la zaga central y Abel Masuero fue al lateral. Arriba, Christian Bernardi fue el segundo punta acompa\u00f1ando a Vel\u00e1zquez.<\/p>\n<p style=\"text-align: justify;\">El delantero estuvo solo cinco minutos en la pr\u00e1ctica debido a un fuerte dolor en el empeine de su pie izquierdo. A pesar de estar casi descartado, el DT lo espderar\u00e1 hasta \u00faltimo momento. El lugar dejado por Bernardi fue ocupado en ese momento por Gustavo Gotti. Tanto este, como Pablo Soda o Nicol\u00e1s Mazzola ser\u00edan los reemplazantes en caso de que el atacante no se recupere.<\/p>\n<p style=\"text-align: justify;\">El posible equipo para jugar en Pergamino es: Rodrigo Barucco; Abel Masuero, Ra\u00fal Damiani, Dami\u00e1n Schmidt, Emiliano Endrizzi, Correa, Ignacio Antonio, Maldonado; Jos\u00e9 Luis Garc\u00eda; Bernardi (si se recupera) y Vel\u00e1zquez.<\/p>\n<p style=\"text-align: justify;\">El plantel se entrena ahora en Alta C\u00f3rdoba y luego del almuerzo la delegaci\u00f3n albirroja partir\u00e1 hacia la provincia de Buenos Aires.<\/p>\n","protected":false},"excerpt":{"rendered":"<p>El DT prob\u00f3 ayer con un 4-3-1-2 para visitar ma\u00f1ana, desde las 19, a Douglas Haig en Pergamino. Bernardi es la \u00fanica duda en la alineaci\u00f3n titular. Instituto trabaj\u00f3 ayer en Alta C\u00f3rdoba y \u201cMiliki\u201d Jim\u00e9nez prob\u00f3 con un cambio de sistema, donde se busc\u00f3 que Javier Vel\u00e1zquez est\u00e9 m\u00e1s acompa\u00f1ado que en el partido [&hellip;]<\/p>\n","protected":false},"author":15,"featured_media":19450,"comment_status":"open","ping_status":"open","sticky":false,"template":"","format":"standard","meta":{"_seopress_robots_primary_cat":"","_seopress_titles_title":"","_seopress_titles_desc":"","_seopress_robots_index":"","footnotes":""},"categories":[2,17],"tags":[34,3903,35,2033],"class_list":["post-19449","post","type-post","status-publish","format-standard","has-post-thumbnail","hentry","category-futbol","category-nacional-b","tag-b-nacional","tag-esquema-tactico","tag-instituto","tag-miliki-jimenez"],"_links":{"self":[{"href":"https:\/\/www.cordobatimes.com\/deportes\/wp-json\/wp\/v2\/posts\/19449","targetHints":{"allow":["GET"]}}],"collection":[{"href":"https:\/\/www.cordobatimes.com\/deportes\/wp-json\/wp\/v2\/posts"}],"about":[{"href":"https:\/\/www.cordobatimes.com\/deportes\/wp-json\/wp\/v2\/types\/post"}],"author":[{"embeddable":true,"href":"https:\/\/www.cordobatimes.com\/deportes\/wp-json\/wp\/v2\/users\/15"}],"replies":[{"embeddable":true,"href":"https:\/\/www.cordobatimes.com\/deportes\/wp-json\/wp\/v2\/comments?post=19449"}],"version-history":[{"count":0,"href":"https:\/\/www.cordobatimes.com\/deportes\/wp-json\/wp\/v2\/posts\/19449\/revisions"}],"wp:featuredmedia":[{"embeddable":true,"href":"https:\/\/www.cordobatimes.com\/deportes\/wp-json\/wp\/v2\/media\/19450"}],"wp:attachment":[{"href":"https:\/\/www.cordobatimes.com\/deportes\/wp-json\/wp\/v2\/media?parent=19449"}],"wp:term":[{"taxonomy":"category","embeddable":true,"href":"https:\/\/www.cordobatimes.com\/deportes\/wp-json\/wp\/v2\/categories?post=19449"},{"taxonomy":"post_tag","embeddable":true,"href":"https:\/\/www.cordobatimes.com\/deportes\/wp-json\/wp\/v2\/tags?post=19449"}],"curies":[{"name":"wp","href":"https:\/\/api.w.org\/{rel}","templated":true}]}}