{"id":19371,"date":"2014-09-01T19:52:10","date_gmt":"2014-09-01T22:52:10","guid":{"rendered":"http:\/\/www.cordobatimes.com\/deportes\/?p=19371"},"modified":"2014-09-01T20:02:40","modified_gmt":"2014-09-01T23:02:40","slug":"maradona-batistuta-y-muchas-figuras-juegan-el-partido-por-la-paz","status":"publish","type":"post","link":"https:\/\/www.cordobatimes.com\/deportes\/futbol\/2014\/09\/01\/maradona-batistuta-y-muchas-figuras-juegan-el-partido-por-la-paz\/","title":{"rendered":"Maradona, Mascherano y muchas figuras jugaron el Partido por la Paz"},"content":{"rendered":"<h3><strong><a href=\"http:\/\/www.cordobatimes.com\/deportes\/wp-content\/uploads\/2014\/09\/Partita-per-la-pace.jpg\"><img loading=\"lazy\" decoding=\"async\" class=\"size-large wp-image-19372 aligncenter\" alt=\"Partita per la pace\" src=\"http:\/\/www.cordobatimes.com\/deportes\/wp-content\/uploads\/2014\/09\/Partita-per-la-pace-1024x665.jpg\" width=\"1024\" height=\"665\" data-id=\"19372\" srcset=\"https:\/\/www.cordobatimes.com\/deportes\/wp-content\/uploads\/2014\/09\/Partita-per-la-pace-1024x665.jpg 1024w, https:\/\/www.cordobatimes.com\/deportes\/wp-content\/uploads\/2014\/09\/Partita-per-la-pace-300x195.jpg 300w, https:\/\/www.cordobatimes.com\/deportes\/wp-content\/uploads\/2014\/09\/Partita-per-la-pace.jpg 2000w\" sizes=\"auto, (max-width: 1024px) 100vw, 1024px\" \/><\/a><\/strong><\/h3>\n<h3 style=\"text-align: justify;\"><strong>La magia del f\u00fatbol estuvo presente en el encuentro solidario de la Fundaci\u00f3n &#8220;PUPI&#8221; por la unidad entre las distintas religiones del mundo. El gran ausente fue Lionel Messi, afectado por una &#8220;sobrecarga muscular&#8221;. Tambi\u00e9n estuvieron el &#8220;Tata&#8221; Martino, como DT, Roberto Baggio y el &#8220;Cholo&#8221; Simeone, entre otros. Mir\u00e1 todos los goles y la &#8220;joyita&#8221; del Diego.<\/strong><\/h3>\n<p>&nbsp;<\/p>\n<p style=\"text-align: justify;\">El encuentro interreligioso por la Paz se disput\u00f3 en el Estadio Ol\u00edmpico de Roma ante una multitud que fue a ver lo mejor del f\u00fatbol de todos los tiempos, con fines ben\u00e9ficos y pac\u00edficos. Adem\u00e1s del partido hubo shows musicales y espect\u00e1culos de diversa \u00edndole. El Papa Francisco no asisti\u00f3 al juego pero recibi\u00f3 a los invitados antes del evento.<\/p>\n<p style=\"text-align: justify;\">Javier Zanetti, junto a su &#8220;Fundaci\u00f3n PUPI&#8221;, fueron los encargados de llevar adelante los preparativos, impulsados por el apoyo brindado por el Sumo Pont\u00edfice. En la cancha se vio la uni\u00f3n de representantes de\u00a0nueve religiones.<\/p>\n<p style=\"text-align: justify;\">El equipo del &#8220;Pupi&#8221; se impuso por 6 a 3 ante el combinado Scholas. Los goles los marcaron: Iturbe (S), Baggio (S), Schevchenko (P), Icardi (P) -por tres-, Roque Santa Cruz (S), Emre (P) y Senna en contra (P).<\/p>\n<p style=\"text-align: justify;\">Diego Maradona jug\u00f3 desde el arranque y, aunque el f\u00edsico no lo acompa\u00f1a, se banc\u00f3 los 90 minutos en cancha. Tuvo poca movilidad pero tuvo destellos de &#8220;magia&#8221;, como la habilitaci\u00f3n para el gol de Roberto Baggio. Mir\u00e1 la &#8220;joyita&#8221; del 10, que demostr\u00f3 mantener la calidad intacta en esa zurda privilegiada.<\/p>\n<p style=\"text-align: justify;\"><strong>Todos los goles<\/strong><\/p>\n<p><iframe loading=\"lazy\" src=\"\/\/www.youtube.com\/embed\/vaqC4O2b0IY?list=UUAGaiAGJg1B3l-hpLpPcdvg\" height=\"315\" width=\"100%\" allowfullscreen=\"\" frameborder=\"0\"><\/iframe><\/p>\n<p style=\"text-align: justify;\">Maradona dijo unas palabras y se acord\u00f3 de Icardi, a quien no quer\u00eda presente en el encuentro. Mir\u00e1 lo que dijo.<\/p>\n<p><iframe loading=\"lazy\" src=\"\/\/www.youtube.com\/embed\/lFfF5m3DIm4\" height=\"315\" width=\"100%\" allowfullscreen=\"\" frameborder=\"0\"><\/iframe><\/p>\n<p style=\"text-align: justify;\">Otro que habl\u00f3 fue el &#8220;Tata&#8221; Martino, flamante DT de la selecci\u00f3n argentina que debuta el pr\u00f3ximo mi\u00e9rcoles en el partido ante Alemania, donde no contar\u00e1 con la presencia de Lionel Messi, con una &#8220;sobrecarga muscular&#8221;, seg\u00fan informaron desde el Barcelona.<\/p>\n<p><iframe loading=\"lazy\" src=\"\/\/www.youtube.com\/embed\/oYpbQ8lSdck?list=UUAGaiAGJg1B3l-hpLpPcdvg\" height=\"315\" width=\"100%\" allowfullscreen=\"\" frameborder=\"0\"><\/iframe><\/p>\n<p style=\"text-align: justify;\">Aunque la mayor\u00eda de los jugadores eran cat\u00f3licos,\u00a0tambi\u00e9n hubo musulmanes\u00a0(\u00d6zil, por ejemplo),\u00a0jud\u00edos\u00a0(liderados por Yossi Benayoun),\u00a0budistas\u00a0(Roberto Baggio),\u00a0hinduistas\u00a0(el belga Radja Nainggolan),\u00a0evangelistas\u00a0(Jos\u00e9 Chamot),\u00a0cristianos ortodoxos\u00a0(Andrey Shevchenko),\u00a0un atleta de Cristo\u00a0(Nicola Legrottaglie) y hasta un jugador que\u00a0profesa el Asatr\u00fa\u00a0(Emil Hallfredsson), una escuela con vertientes paganas del centro y Norte del\u00a0Viejo Continente.<\/p>\n<p><span style=\"text-decoration: underline;\"><strong>Jugadores y ex jugadores convocados:<\/strong><\/span><\/p>\n<p><span style=\"text-decoration: underline;\"><b>Italia<\/b><\/span><\/p>\n<p>Andrea Pirlo (mediocampista de Juventus)<\/p>\n<p>Andrea Ranocchia (defensor del Inter)<\/p>\n<p>Damiano Tommasi (retirado)<\/p>\n<p>Filippo Inzaghi (retirado)<\/p>\n<p>Luca Toni (delantero del Hellas Verona)<\/p>\n<p>Nicola Legrottaglie (retirado)<\/p>\n<p>Roberto Baggio (retirado)<\/p>\n<p>Stefano Mauri (mediocampista de Lazio)<\/p>\n<p><span style=\"text-decoration: underline;\"><b>Espa\u00f1a<\/b><\/span><\/p>\n<p>Mikel Arteta (mediocampista del Arsenal)<\/p>\n<p>Palop Cervera (retirado)<\/p>\n<p><span style=\"text-decoration: underline;\"><b>Ucrania<\/b><\/span><\/p>\n<p>Andrey Shevchenko (retirado)<\/p>\n<p><span style=\"text-decoration: underline;\"><b>Argentina<\/b><\/span><\/p>\n<p>Diego Maradona (retirado)<\/p>\n<p>Antonio Mohamed (retirado)<\/p>\n<p>Diego Simeone (DT del Atl\u00e9tico Madrid)<\/p>\n<p>Esteban Cambiasso (mediocampista del Leicester City)<\/p>\n<p>Fernando Tissone (mediocampista de M\u00e1laga)<\/p>\n<p>Mauro Icardi (delantero del Inter)<\/p>\n<p>Ezequiel Lavezzi (delantero del PSG)<\/p>\n<p>Juan Pablo Carrizo (arquero del Inter)<\/p>\n<p>Juan Iturbe (delantero de la Roma)<\/p>\n<p>Ricky Alvarez (mediocampista del Sunderland)<\/p>\n<p>Lionel Messi (delantero del Barcelona)<\/p>\n<p>Javier Mascherano (mediocampista del Barcelona)<\/p>\n<p>Maxi Rodr\u00edguez (mediocampista de Newell&#8217;s)<\/p>\n<p>Gabriel Heinze (retirado)<\/p>\n<p>Jos\u00e9 Chamot (retirado)<\/p>\n<p><span style=\"text-decoration: underline;\"><b>Brasil<\/b><\/span><\/p>\n<p>Marcos Senna (mediocampista New York Cosmos)<\/p>\n<p>Ronaldinho (libre)<\/p>\n<p>Neymar (delantero del Barcelona)<\/p>\n<p><span style=\"text-decoration: underline;\"><b>Chile<\/b><\/span><\/p>\n<p>Arturo Vidal (mediocampista de Juventus)<\/p>\n<p>Iv\u00e1n Zamorano (retirado)<\/p>\n<p><span style=\"text-decoration: underline;\"><b>Colombia<\/b><\/span><\/p>\n<p>Carlos Valderrama (retirado)<\/p>\n<p>Fredy Guar\u00edn (mediocampista del Inter)<\/p>\n<p>Iv\u00e1n C\u00f3rdoba (retirado)<\/p>\n<p><span style=\"text-decoration: underline;\"><b>Israel<\/b><\/span><\/p>\n<p>Yossi Benayoun (mediocampista de Macabbi Haifa)<\/p>\n<p>Dudu Aouate (retirado)<\/p>\n<p>Tomer Hemed (delantero de Almer\u00eda)<\/p>\n<p><span style=\"text-decoration: underline;\"><b>Francia<\/b><\/span><\/p>\n<p>David Trezeguet (delantero del Pune City de India)<\/p>\n<p><span style=\"text-decoration: underline;\"><b>Etiop\u00eda<\/b><\/span><\/p>\n<p>Deg\u00fa Debebe Gebreyes (defensor de Kedus Giorgis)<\/p>\n<p><span style=\"text-decoration: underline;\"><b>Islandia<\/b><\/span><\/p>\n<p>Emil Hallfredsson (delantero de Hellas Verona)<\/p>\n<p><span style=\"text-decoration: underline;\"><b>Uruguay<\/b><\/span><\/p>\n<p>Diego Lugano (libre)<\/p>\n<p>Fernando Muslera (arquero de Galatasaray)<\/p>\n<p><span style=\"text-decoration: underline;\"><b>Jap\u00f3n<\/b><\/span><\/p>\n<p>Yuto Nagatomo (defensor del Inter)<\/p>\n<p><span style=\"text-decoration: underline;\"><b>Alemania<\/b><\/span><\/p>\n<p>Lucas Podolski (delantero del Arsenal)<\/p>\n<p>Mesut \u00d6zil (mediocampista del Arsenal)<\/p>\n<p><span style=\"text-decoration: underline;\"><b>B\u00e9lgica<\/b><\/span><\/p>\n<p>Radja Nainggolan (mediocampista de la Roma)<\/p>\n<p><span style=\"text-decoration: underline;\"><b>Camer\u00fan<\/b><\/span><\/p>\n<p>Samuel Eto&#8217;o (Delantero del Everton)<\/p>\n<p><span style=\"text-decoration: underline;\"><b>Ghana<\/b><\/span><\/p>\n<p>Sulley Muntari (mediocampista del Milan)<\/p>\n<p><span style=\"text-decoration: underline;\"><b>Turqu\u00eda<\/b><\/span><\/p>\n<p>Belozoglu Emre (mediocampista de Fenerbahce).<\/p>\n","protected":false},"excerpt":{"rendered":"<p>La magia del f\u00fatbol estuvo presente en el encuentro solidario de la Fundaci\u00f3n &#8220;PUPI&#8221; por la unidad entre las distintas religiones del mundo. El gran ausente fue Lionel Messi, afectado por una &#8220;sobrecarga muscular&#8221;. Tambi\u00e9n estuvieron el &#8220;Tata&#8221; Martino, como DT, Roberto Baggio y el &#8220;Cholo&#8221; Simeone, entre otros. Mir\u00e1 todos los goles y la [&hellip;]<\/p>\n","protected":false},"author":5,"featured_media":19372,"comment_status":"open","ping_status":"open","sticky":false,"template":"","format":"standard","meta":{"_seopress_robots_primary_cat":"","_seopress_titles_title":"","_seopress_titles_desc":"","_seopress_robots_index":"","footnotes":""},"categories":[2],"tags":[533,960,3895,336],"class_list":["post-19371","post","type-post","status-publish","format-standard","has-post-thumbnail","hentry","category-futbol","tag-italia","tag-papa-francisco","tag-partido-por-la-paz","tag-roma"],"_links":{"self":[{"href":"https:\/\/www.cordobatimes.com\/deportes\/wp-json\/wp\/v2\/posts\/19371","targetHints":{"allow":["GET"]}}],"collection":[{"href":"https:\/\/www.cordobatimes.com\/deportes\/wp-json\/wp\/v2\/posts"}],"about":[{"href":"https:\/\/www.cordobatimes.com\/deportes\/wp-json\/wp\/v2\/types\/post"}],"author":[{"embeddable":true,"href":"https:\/\/www.cordobatimes.com\/deportes\/wp-json\/wp\/v2\/users\/5"}],"replies":[{"embeddable":true,"href":"https:\/\/www.cordobatimes.com\/deportes\/wp-json\/wp\/v2\/comments?post=19371"}],"version-history":[{"count":0,"href":"https:\/\/www.cordobatimes.com\/deportes\/wp-json\/wp\/v2\/posts\/19371\/revisions"}],"wp:featuredmedia":[{"embeddable":true,"href":"https:\/\/www.cordobatimes.com\/deportes\/wp-json\/wp\/v2\/media\/19372"}],"wp:attachment":[{"href":"https:\/\/www.cordobatimes.com\/deportes\/wp-json\/wp\/v2\/media?parent=19371"}],"wp:term":[{"taxonomy":"category","embeddable":true,"href":"https:\/\/www.cordobatimes.com\/deportes\/wp-json\/wp\/v2\/categories?post=19371"},{"taxonomy":"post_tag","embeddable":true,"href":"https:\/\/www.cordobatimes.com\/deportes\/wp-json\/wp\/v2\/tags?post=19371"}],"curies":[{"name":"wp","href":"https:\/\/api.w.org\/{rel}","templated":true}]}}