{"id":19360,"date":"2014-09-01T09:35:17","date_gmt":"2014-09-01T12:35:17","guid":{"rendered":"http:\/\/www.cordobatimes.com\/deportes\/?p=19360"},"modified":"2014-09-01T16:21:15","modified_gmt":"2014-09-01T19:21:15","slug":"martino-convoco-a-dos-jugadores-de-urgencia","status":"publish","type":"post","link":"https:\/\/www.cordobatimes.com\/deportes\/futbol-internacional\/2014\/09\/01\/martino-convoco-a-dos-jugadores-de-urgencia\/","title":{"rendered":"Martino convoc\u00f3 a dos jugadores de urgencia"},"content":{"rendered":"<h3><strong><a href=\"http:\/\/www.cordobatimes.com\/deportes\/wp-content\/uploads\/2014\/04\/martino_1.jpg\"><img loading=\"lazy\" decoding=\"async\" class=\"size-full wp-image-11610 aligncenter\" alt=\"martino_1\" src=\"http:\/\/www.cordobatimes.com\/deportes\/wp-content\/uploads\/2014\/04\/martino_1.jpg\" width=\"970\" height=\"546\" data-id=\"11610\" srcset=\"https:\/\/www.cordobatimes.com\/deportes\/wp-content\/uploads\/2014\/04\/martino_1.jpg 970w, https:\/\/www.cordobatimes.com\/deportes\/wp-content\/uploads\/2014\/04\/martino_1-300x168.jpg 300w\" sizes=\"auto, (max-width: 970px) 100vw, 970px\" \/><\/a><\/strong><\/h3>\n<h3 style=\"text-align: justify;\"><strong>El flamante entrenador de la selecci\u00f3n Argentina llam\u00f3 a Erik Lamela y Nicol\u00e1s Gait\u00e1n, de cara al amistoso de este mi\u00e9rcoles ante Alemania, reeditando la final del Mundial.<\/strong><\/h3>\n<p style=\"text-align: justify;\">\n<p style=\"text-align: justify;\">Tras sufrir algunas lesiones de sus jugadores, Gerardo Martino decidi\u00f3 llamar a dos futbolistas de buen presente en Europa para integrarse al plantel que ya se encuentra en Dusseldorf esperando el encuentro ante los teutones. Lionel Messi, Maxi Rodr\u00edguez y Rodrigo Palacio figuran en la n\u00f3mina de las &#8220;bajas&#8221;, al igual que el arquero Agust\u00edn Ori\u00f3n, perteneciente a Boca.<\/p>\n<p style=\"text-align: justify;\">Tanto Lamela como Gait\u00e1n figuraban esporadicamente en las convocatorias del anterior entrenador, Alejandro Sabella, pero nunca pudieron consolidarse con la camiseta albiceleste. La llegada del nuevo entrenador cambi\u00f3 el espectro de algunos, teniendo chances para demostrar su potencial.<\/p>\n","protected":false},"excerpt":{"rendered":"<p>El flamante entrenador de la selecci\u00f3n Argentina llam\u00f3 a Erik Lamela y Nicol\u00e1s Gait\u00e1n, de cara al amistoso de este mi\u00e9rcoles ante Alemania, reeditando la final del Mundial. Tras sufrir algunas lesiones de sus jugadores, Gerardo Martino decidi\u00f3 llamar a dos futbolistas de buen presente en Europa para integrarse al plantel que ya se encuentra [&hellip;]<\/p>\n","protected":false},"author":2,"featured_media":11610,"comment_status":"open","ping_status":"open","sticky":false,"template":"","format":"standard","meta":{"_seopress_robots_primary_cat":"","_seopress_titles_title":"","_seopress_titles_desc":"","_seopress_robots_index":"","footnotes":""},"categories":[18],"tags":[33,225,542,222],"class_list":["post-19360","post","type-post","status-publish","format-standard","has-post-thumbnail","hentry","category-futbol-internacional","tag-afa","tag-convocados","tag-seleccion-argentina","tag-tata-martino"],"_links":{"self":[{"href":"https:\/\/www.cordobatimes.com\/deportes\/wp-json\/wp\/v2\/posts\/19360","targetHints":{"allow":["GET"]}}],"collection":[{"href":"https:\/\/www.cordobatimes.com\/deportes\/wp-json\/wp\/v2\/posts"}],"about":[{"href":"https:\/\/www.cordobatimes.com\/deportes\/wp-json\/wp\/v2\/types\/post"}],"author":[{"embeddable":true,"href":"https:\/\/www.cordobatimes.com\/deportes\/wp-json\/wp\/v2\/users\/2"}],"replies":[{"embeddable":true,"href":"https:\/\/www.cordobatimes.com\/deportes\/wp-json\/wp\/v2\/comments?post=19360"}],"version-history":[{"count":0,"href":"https:\/\/www.cordobatimes.com\/deportes\/wp-json\/wp\/v2\/posts\/19360\/revisions"}],"wp:featuredmedia":[{"embeddable":true,"href":"https:\/\/www.cordobatimes.com\/deportes\/wp-json\/wp\/v2\/media\/11610"}],"wp:attachment":[{"href":"https:\/\/www.cordobatimes.com\/deportes\/wp-json\/wp\/v2\/media?parent=19360"}],"wp:term":[{"taxonomy":"category","embeddable":true,"href":"https:\/\/www.cordobatimes.com\/deportes\/wp-json\/wp\/v2\/categories?post=19360"},{"taxonomy":"post_tag","embeddable":true,"href":"https:\/\/www.cordobatimes.com\/deportes\/wp-json\/wp\/v2\/tags?post=19360"}],"curies":[{"name":"wp","href":"https:\/\/api.w.org\/{rel}","templated":true}]}}