{"id":19345,"date":"2014-08-31T21:08:52","date_gmt":"2014-09-01T00:08:52","guid":{"rendered":"http:\/\/www.cordobatimes.com\/deportes\/?p=19345"},"modified":"2014-09-01T11:58:35","modified_gmt":"2014-09-01T14:58:35","slug":"arruabarrena-resucita-a-boca-y-derrota-ampliamente-al-puntero-del-torneo","status":"publish","type":"post","link":"https:\/\/www.cordobatimes.com\/deportes\/futbol\/2014\/08\/31\/arruabarrena-resucita-a-boca-y-derrota-ampliamente-al-puntero-del-torneo\/","title":{"rendered":"Arruabarrena resucita a Boca y derrota ampliamente al puntero del torneo"},"content":{"rendered":"<h3><a href=\"http:\/\/www.cordobatimes.com\/deportes\/wp-content\/uploads\/2014\/08\/boca-velez.jpg_274898881.jpg\"><img loading=\"lazy\" decoding=\"async\" class=\"aligncenter size-full wp-image-19347\" alt=\"boca-velez.jpg_274898881\" src=\"http:\/\/www.cordobatimes.com\/deportes\/wp-content\/uploads\/2014\/08\/boca-velez.jpg_274898881.jpg\" width=\"624\" height=\"468\" data-id=\"19347\" srcset=\"https:\/\/www.cordobatimes.com\/deportes\/wp-content\/uploads\/2014\/08\/boca-velez.jpg_274898881.jpg 624w, https:\/\/www.cordobatimes.com\/deportes\/wp-content\/uploads\/2014\/08\/boca-velez.jpg_274898881-300x225.jpg 300w\" sizes=\"auto, (max-width: 624px) 100vw, 624px\" \/><\/a><\/h3>\n<h3><strong>Luego de una semana tormentosa, el Xeneize se lle\u00f3 tres puntos de oro con una producci\u00f3n que ilusiona a los hinchas y al propio entrenador que asumi\u00f3 el viernes y consigui\u00f3 una victoria importante. Gan\u00f3 3-1, jug\u00f3, meti\u00f3 y gust\u00f3.<\/strong><\/h3>\n<p>&nbsp;<\/p>\n<p style=\"text-align: justify;\">Boca volvi\u00f3 a gritar, festej\u00f3 y sonri\u00f3 despu\u00e9s de momentos complicados que incluy\u00f3 la renuncia de Carlos Bianchi.\u00a0Derrot\u00f3 a V\u00e9lez por 3-1\u00a0en la cuarta fecha del torneo de Transici\u00f3n en lo que fue el debut de Rodolfo Arruabarrena.\u00a0Jug\u00f3 bien, tuvo gol y dio vuelta el resultado\u00a0en un solo tiempo.<\/p>\n<p style=\"text-align: justify;\">Desde el arranque este equipo que ahora conduce el\u00a0Vasco\u00a0mostr\u00f3 otra cara y actitud. En dos minutos tuvo situaciones claras de gol.\u00a0La primera\u00a0a la salida de un tiro libre,\u00a0C\u00e9sar Melliremat\u00f3 desde afuera del \u00e1rea fuerte y sali\u00f3 apenas desviado.<\/p>\n<p style=\"text-align: justify;\">La segunda vino de una\u00a0apilada de Federico Carrizo\u00a0que se sac\u00f3 de encima hasta Sebasti\u00e1n Sosa, con el arco en soledad remat\u00f3 desde lejos pero en la l\u00ednea lograr evitar lo que podr\u00eda haber sido el primer tanto del Xeneize.<\/p>\n<p style=\"text-align: justify;\">El Vasco decidi\u00f3 mandar a la cancha a Luciano Acosta, Fernando Gago, Cesar Melli, Nicol\u00e1s Colazo y Jonathan Calleri de titulares. Adem\u00e1s hubo un cambio de esquema t\u00e1ctico. Pas\u00f3 del 4-4-2 de Carlos Bianchi a un\u00a04-2-3-1.<\/p>\n<h5>El golazo de Correa para el 1-0 de V\u00e8lez<\/h5>\n<figure><iframe loading=\"lazy\" src=\"http:\/\/www.youtube.com\/embed\/u4wwxoiFjq0?wmode=transparent&amp;showinfo=0\" height=\"397\" width=\"641\" allowfullscreen=\"\" frameborder=\"0\"><\/iframe><\/figure>\n<h5>El empate de Boca<\/h5>\n<div>\n<figure><iframe loading=\"lazy\" src=\"http:\/\/www.youtube.com\/embed\/NSr3VLd2Z3A?wmode=transparent&amp;showinfo=0\" height=\"397\" width=\"641\" allowfullscreen=\"\" frameborder=\"0\"><\/iframe><\/figure>\n<\/div>\n<p>&nbsp;<\/p>\n<p><strong>V\u00e9lez esper\u00f3<\/strong>, pero qued\u00f3 retrasado porque Boca fue intenso y r\u00e1pido, mientras que el conjunto de Liniers no lorg\u00f3 ordenarse en el campo de juego.<\/p>\n<p>Se tranquiliz\u00f3 el partido a partir de los 20.\u00a0V\u00e9lez comenz\u00f3 a organizarse\u00a0pero no fue el equipo de las primeras fechas aunque se asent\u00f3 fren\u00f3 el empuje de Boca y lo termin\u00f3 complicando.<\/p>\n<p>En el\u00a0Xeneize\u00a0C\u00e9sar Melli fue una de las figuras\u00a0el que m\u00e1s explosi\u00f3n le dio. Se movi\u00f3 por todo el campo de juego tanto cuando Boca atac\u00f3 como cuando defendi\u00f3.\u00a0Pachi\u00a0Carrizo tambi\u00e9n complic\u00f3 a toda la defensa del\u00a0Fort\u00edn\u00a0pero nunca termin\u00f3 de complicar a Sebasti\u00e1n Sosa.<\/p>\n<p>El\u00a0baldazo de agua fr\u00eda lleg\u00f3 a los 43 minutos, una contra del conjunto del\u00a0Turu\u00a0Flores termin\u00f3 con un\u00a0zapatazo de Jorge Correa que se clav\u00f3 en el \u00e1ngulo\u00a0superior del arco de Agust\u00edn Orion. Quiso salir jugado de abajo Boca, la salida fue una pelota dividida V\u00e9lez mordi\u00f3 y con tres toque qued\u00f3 en lo pies del lateral que apunt\u00f3 y liquid\u00f3.<\/p>\n<p>&nbsp;<\/p>\n<h5>El segundo de Boca para el 2-1<\/h5>\n<div>\n<figure><iframe loading=\"lazy\" src=\"http:\/\/www.youtube.com\/embed\/Enb4aw88B80?wmode=transparent&amp;showinfo=0\" height=\"397\" width=\"641\" allowfullscreen=\"\" frameborder=\"0\"><\/iframe><\/figure>\n<\/div>\n<p style=\"text-align: justify;\">En el\u00a0segundo tiempo Boca comenz\u00f3 con la misma sinton\u00eda. Presionando, metiendo fuerte en la mitad de cancha y recuperando para salir r\u00e1pido. As\u00ed comenzaron a llegar las situaciones. Jonathan Calleri y Fernando Gago sorprendieron. Boca sumaba gente en ataque y V\u00e9lez quedaba mal parado.<\/p>\n<p style=\"text-align: justify;\">As\u00ed\u00a0lleg\u00f3 el empate a los 10\u00a0con un cabezazo soberbio del\u00a0Cata\u00a0D\u00edaz. Ah\u00ed cambi\u00f3 todo, el conjunto del\u00a0Vasco\u00a0sigui\u00f3 y lleg\u00f3 el segundo en los pies del ex jugador de Col\u00f3n de Santa Fe\u00a0luego de un error de Sebasti\u00e1n Sosa.<\/p>\n<p style=\"text-align: justify;\">El flamante entrenador comenz\u00f3 con algunos\u00a0cambios y acert\u00f3 con el de Andr\u00e9s Ch\u00e1vez\u00a0que fue uno de los goleadores. En una de las contras, Emmanuel Gigliotti sali\u00f3 r\u00e1pido, control\u00f3 el bal\u00f3n y solt\u00f3 para que el ex Banfield estalle la red con la pelota.<\/p>\n<h5>Bombazo de Ch\u00e1vez para el 3-1<\/h5>\n<div>\n<figure><iframe loading=\"lazy\" src=\"http:\/\/www.youtube.com\/embed\/llBxS8CNBeg?wmode=transparent&amp;showinfo=0\" height=\"397\" width=\"641\" allowfullscreen=\"\" frameborder=\"0\"><\/iframe><\/figure>\n<figure><\/figure>\n<figure><\/figure>\n<h5><\/h5>\n<\/div>\n<div id=\"fb-root\"><\/div>\n<p> <script>(function(d, s, id) { var js, fjs = d.getElementsByTagName(s)[0]; if (d.getElementById(id)) return; js = d.createElement(s); js.id = id; js.src = \"\/\/connect.facebook.net\/es_ES\/all.js#xfbml=1\"; fjs.parentNode.insertBefore(js, fjs); }(document, 'script', 'facebook-jssdk'));<\/script><\/p>\n<div class=\"fb-post\" data-href=\"https:\/\/www.facebook.com\/media\/set\/?set=a.348214445343498.1073742287.114264528738492&amp;type=1\" data-width=\"466\">\n<div class=\"fb-xfbml-parse-ignore\"><a href=\"https:\/\/www.facebook.com\/media\/set\/?set=a.348214445343498.1073742287.114264528738492&amp;type=1\">una publicaci\u00f3n<\/a> de <a href=\"https:\/\/www.facebook.com\/BocaJuniors\">BOCA<\/a>.<\/div>\n<\/div>\n","protected":false},"excerpt":{"rendered":"<p>Luego de una semana tormentosa, el Xeneize se lle\u00f3 tres puntos de oro con una producci\u00f3n que ilusiona a los hinchas y al propio entrenador que asumi\u00f3 el viernes y consigui\u00f3 una victoria importante. Gan\u00f3 3-1, jug\u00f3, meti\u00f3 y gust\u00f3. &nbsp; Boca volvi\u00f3 a gritar, festej\u00f3 y sonri\u00f3 despu\u00e9s de momentos complicados que incluy\u00f3 la [&hellip;]<\/p>\n","protected":false},"author":1,"featured_media":19346,"comment_status":"open","ping_status":"open","sticky":false,"template":"","format":"standard","meta":{"_seopress_robots_primary_cat":"","_seopress_titles_title":"","_seopress_titles_desc":"","_seopress_robots_index":"","footnotes":""},"categories":[2,16],"tags":[33,3892,1061,76,3877,3893],"class_list":["post-19345","post","type-post","status-publish","format-standard","has-post-thumbnail","hentry","category-futbol","category-primera-division","tag-afa","tag-boca-vs-velez","tag-bombonera","tag-goles","tag-rodolfo-arruabarrena","tag-triunfo-de-boca-ante-velez"],"_links":{"self":[{"href":"https:\/\/www.cordobatimes.com\/deportes\/wp-json\/wp\/v2\/posts\/19345","targetHints":{"allow":["GET"]}}],"collection":[{"href":"https:\/\/www.cordobatimes.com\/deportes\/wp-json\/wp\/v2\/posts"}],"about":[{"href":"https:\/\/www.cordobatimes.com\/deportes\/wp-json\/wp\/v2\/types\/post"}],"author":[{"embeddable":true,"href":"https:\/\/www.cordobatimes.com\/deportes\/wp-json\/wp\/v2\/users\/1"}],"replies":[{"embeddable":true,"href":"https:\/\/www.cordobatimes.com\/deportes\/wp-json\/wp\/v2\/comments?post=19345"}],"version-history":[{"count":0,"href":"https:\/\/www.cordobatimes.com\/deportes\/wp-json\/wp\/v2\/posts\/19345\/revisions"}],"wp:featuredmedia":[{"embeddable":true,"href":"https:\/\/www.cordobatimes.com\/deportes\/wp-json\/wp\/v2\/media\/19346"}],"wp:attachment":[{"href":"https:\/\/www.cordobatimes.com\/deportes\/wp-json\/wp\/v2\/media?parent=19345"}],"wp:term":[{"taxonomy":"category","embeddable":true,"href":"https:\/\/www.cordobatimes.com\/deportes\/wp-json\/wp\/v2\/categories?post=19345"},{"taxonomy":"post_tag","embeddable":true,"href":"https:\/\/www.cordobatimes.com\/deportes\/wp-json\/wp\/v2\/tags?post=19345"}],"curies":[{"name":"wp","href":"https:\/\/api.w.org\/{rel}","templated":true}]}}