{"id":19207,"date":"2014-08-30T19:20:23","date_gmt":"2014-08-30T22:20:23","guid":{"rendered":"http:\/\/www.cordobatimes.com\/deportes\/?p=19207"},"modified":"2014-08-31T09:44:55","modified_gmt":"2014-08-31T12:44:55","slug":"rosario-central-visita-a-defensa-y-justicia-con-el-fin-de-recuperarse","status":"publish","type":"post","link":"https:\/\/www.cordobatimes.com\/deportes\/futbol\/2014\/08\/30\/rosario-central-visita-a-defensa-y-justicia-con-el-fin-de-recuperarse\/","title":{"rendered":"Central se reencontr\u00f3 con la victoria y derrot\u00f3 a Defensa"},"content":{"rendered":"<h3 style=\"text-align: justify;\"><b><a href=\"http:\/\/www.cordobatimes.com\/deportes\/wp-content\/uploads\/2014\/08\/medina.png\"><img loading=\"lazy\" decoding=\"async\" class=\"alignnone size-full wp-image-19252\" style=\"margin: 5px;\" alt=\"medina\" src=\"http:\/\/www.cordobatimes.com\/deportes\/wp-content\/uploads\/2014\/08\/medina.png\" width=\"840\" height=\"466\" data-id=\"19252\" srcset=\"https:\/\/www.cordobatimes.com\/deportes\/wp-content\/uploads\/2014\/08\/medina.png 840w, https:\/\/www.cordobatimes.com\/deportes\/wp-content\/uploads\/2014\/08\/medina-300x166.png 300w\" sizes=\"auto, (max-width: 840px) 100vw, 840px\" \/><\/a>El &#8220;Canalla&#8221; se impuso por 3 a 1 ante el &#8220;Halc\u00f3n&#8221; en Florencio Varela. Los goles rosarinos los marcaron Acu\u00f1a, Niell y Medina; Camacho descont\u00f3 para los locales. Mir\u00e1 todos los tantos.<\/b><\/h3>\n<p>&nbsp;<\/p>\n<p><iframe loading=\"lazy\" src=\"\/\/www.youtube.com\/embed\/l_Nn9uo9x7Q\" height=\"315\" width=\"100%\" allowfullscreen=\"\" frameborder=\"0\"><\/iframe><\/p>\n<p><iframe loading=\"lazy\" src=\"\/\/www.youtube.com\/embed\/u6lbvKW6fWI\" height=\"315\" width=\"100%\" allowfullscreen=\"\" frameborder=\"0\"><\/iframe><\/p>\n<p><iframe loading=\"lazy\" src=\"\/\/www.youtube.com\/embed\/4RTMh8qkpFY\" height=\"315\" width=\"100%\" allowfullscreen=\"\" frameborder=\"0\"><\/iframe><\/p>\n<p><iframe loading=\"lazy\" src=\"\/\/www.youtube.com\/embed\/SCP4TIirzTY\" height=\"315\" width=\"100%\" allowfullscreen=\"\" frameborder=\"0\"><\/iframe><\/p>\n<p style=\"text-align: justify;\"><b><span style=\"text-decoration: underline;\">Formaciones:<\/span><\/b><\/p>\n<p style=\"text-align: justify;\"><b>Defensa y Justicia: <\/b>Diego Pellegrino; Luciano Vella, Carlos Casteglione, Pablo De Miranda, Dami\u00e1n Mart\u00ednez; Nery Leyes, Marcelo Ben\u00edtez, Emiliano Tellechea, Washington Camacho; Ciro Rius y Leandro Gonz\u00e1lez. <b>DT: <\/b>Dar\u00edo Franco.<\/p>\n<p style=\"text-align: justify;\"><b>Rosario Central: <\/b>Mauricio Caranta; Paulo Ferrari, Tom\u00e1s Berra, Alejandro Donatti, Rafael Delgado; Pablo Becker, Dami\u00e1n Musto, Fernando Barrientos; Walter Acu\u00f1a , Franco Niell y Jos\u00e9 Valencia. <b>DT: <\/b>Miguel \u00c1ngel Russo.<\/p>\n","protected":false},"excerpt":{"rendered":"<p>El &#8220;Canalla&#8221; se impuso por 3 a 1 ante el &#8220;Halc\u00f3n&#8221; en Florencio Varela. Los goles rosarinos los marcaron Acu\u00f1a, Niell y Medina; Camacho descont\u00f3 para los locales. Mir\u00e1 todos los tantos. &nbsp; Formaciones: Defensa y Justicia: Diego Pellegrino; Luciano Vella, Carlos Casteglione, Pablo De Miranda, Dami\u00e1n Mart\u00ednez; Nery Leyes, Marcelo Ben\u00edtez, Emiliano Tellechea, Washington [&hellip;]<\/p>\n","protected":false},"author":5,"featured_media":19252,"comment_status":"open","ping_status":"open","sticky":false,"template":"","format":"standard","meta":{"_seopress_robots_primary_cat":"","_seopress_titles_title":"","_seopress_titles_desc":"","_seopress_robots_index":"","footnotes":""},"categories":[2,16],"tags":[33,360,105,274,3150],"class_list":["post-19207","post","type-post","status-publish","format-standard","has-post-thumbnail","hentry","category-futbol","category-primera-division","tag-afa","tag-defensa-y-justicia","tag-primera-division-2","tag-rosario-central","tag-torneo-de-transicion"],"_links":{"self":[{"href":"https:\/\/www.cordobatimes.com\/deportes\/wp-json\/wp\/v2\/posts\/19207","targetHints":{"allow":["GET"]}}],"collection":[{"href":"https:\/\/www.cordobatimes.com\/deportes\/wp-json\/wp\/v2\/posts"}],"about":[{"href":"https:\/\/www.cordobatimes.com\/deportes\/wp-json\/wp\/v2\/types\/post"}],"author":[{"embeddable":true,"href":"https:\/\/www.cordobatimes.com\/deportes\/wp-json\/wp\/v2\/users\/5"}],"replies":[{"embeddable":true,"href":"https:\/\/www.cordobatimes.com\/deportes\/wp-json\/wp\/v2\/comments?post=19207"}],"version-history":[{"count":0,"href":"https:\/\/www.cordobatimes.com\/deportes\/wp-json\/wp\/v2\/posts\/19207\/revisions"}],"wp:featuredmedia":[{"embeddable":true,"href":"https:\/\/www.cordobatimes.com\/deportes\/wp-json\/wp\/v2\/media\/19252"}],"wp:attachment":[{"href":"https:\/\/www.cordobatimes.com\/deportes\/wp-json\/wp\/v2\/media?parent=19207"}],"wp:term":[{"taxonomy":"category","embeddable":true,"href":"https:\/\/www.cordobatimes.com\/deportes\/wp-json\/wp\/v2\/categories?post=19207"},{"taxonomy":"post_tag","embeddable":true,"href":"https:\/\/www.cordobatimes.com\/deportes\/wp-json\/wp\/v2\/tags?post=19207"}],"curies":[{"name":"wp","href":"https:\/\/api.w.org\/{rel}","templated":true}]}}