{"id":19112,"date":"2014-08-28T18:26:32","date_gmt":"2014-08-28T21:26:32","guid":{"rendered":"http:\/\/www.cordobatimes.com\/deportes\/?p=19112"},"modified":"2014-08-28T18:26:32","modified_gmt":"2014-08-28T21:26:32","slug":"us-open-mayer-sigue-en-carrera","status":"publish","type":"post","link":"https:\/\/www.cordobatimes.com\/deportes\/tenis\/2014\/08\/28\/us-open-mayer-sigue-en-carrera\/","title":{"rendered":"US Open: Mayer sigue en carrera"},"content":{"rendered":"<p style=\"text-align: center;\"><a href=\"http:\/\/www.cordobatimes.com\/deportes\/wp-content\/uploads\/2014\/08\/Tenis1.jpg\"><img loading=\"lazy\" decoding=\"async\" class=\"size-full wp-image-19113 aligncenter\" alt=\"Tenis\" src=\"http:\/\/www.cordobatimes.com\/deportes\/wp-content\/uploads\/2014\/08\/Tenis1.jpg\" width=\"594\" height=\"396\" data-id=\"19113\" srcset=\"https:\/\/www.cordobatimes.com\/deportes\/wp-content\/uploads\/2014\/08\/Tenis1.jpg 594w, https:\/\/www.cordobatimes.com\/deportes\/wp-content\/uploads\/2014\/08\/Tenis1-300x200.jpg 300w\" sizes=\"auto, (max-width: 594px) 100vw, 594px\" \/><\/a><\/p>\n<h3 style=\"text-align: justify;\"><b>El \u201cYacar\u00e9\u201d derrot\u00f3 al australiano Ebden en sets corridos y se meti\u00f3 en la tercera ronda del \u00faltimo Grand Slam de la temporada.<\/b><\/h3>\n<p style=\"text-align: justify;\">\n<p style=\"text-align: justify;\">Leonardo Mayer se clasific\u00f3 a la tercera etapa del US Open luego de superar al australiano Matthew Ebden por 6-1, 6-3 y 6-4 en una hora y cuarenta minutos de juego. El tenista argentino se encuentra actualmente en la posici\u00f3n N\u00b0 26 del escalaf\u00f3n mundial, mientras que el oce\u00e1nico esta 87\u00b0.<\/p>\n<p style=\"text-align: justify;\">El partido fue dominado por la potencia y primeros saques del correntino, quien s\u00f3lo sufri\u00f3 algunos sobresaltos en el comienzo del segundo set cuando Ebden le quebr\u00f3 el servicio para ponerse 2-1. Finalmente Mayer se recuper\u00f3 r\u00e1pidamente y se lo llev\u00f3 por 6-3.<\/p>\n<p style=\"text-align: justify;\">Ahora en la pr\u00f3xima ronda el \u201cYacar\u00e9\u201d deber\u00e1 medirse ante el japon\u00e9s Kei Nishikori (11\u00b0), que hoy venci\u00f3 al espa\u00f1ol Pablo And\u00fajar (48\u00b0) por 6-4, 6-1 y retiro del jugador ib\u00e9rico.<\/p>\n","protected":false},"excerpt":{"rendered":"<p>El \u201cYacar\u00e9\u201d derrot\u00f3 al australiano Ebden en sets corridos y se meti\u00f3 en la tercera ronda del \u00faltimo Grand Slam de la temporada. Leonardo Mayer se clasific\u00f3 a la tercera etapa del US Open luego de superar al australiano Matthew Ebden por 6-1, 6-3 y 6-4 en una hora y cuarenta minutos de juego. El [&hellip;]<\/p>\n","protected":false},"author":15,"featured_media":19113,"comment_status":"open","ping_status":"open","sticky":false,"template":"","format":"standard","meta":{"_seopress_robots_primary_cat":"","_seopress_titles_title":"","_seopress_titles_desc":"","_seopress_robots_index":"","footnotes":""},"categories":[4],"tags":[1526,3782,3524,3805],"class_list":["post-19112","post","type-post","status-publish","format-standard","has-post-thumbnail","hentry","category-tenis","tag-grand-slam","tag-itf","tag-leo-mayer","tag-us-open"],"_links":{"self":[{"href":"https:\/\/www.cordobatimes.com\/deportes\/wp-json\/wp\/v2\/posts\/19112","targetHints":{"allow":["GET"]}}],"collection":[{"href":"https:\/\/www.cordobatimes.com\/deportes\/wp-json\/wp\/v2\/posts"}],"about":[{"href":"https:\/\/www.cordobatimes.com\/deportes\/wp-json\/wp\/v2\/types\/post"}],"author":[{"embeddable":true,"href":"https:\/\/www.cordobatimes.com\/deportes\/wp-json\/wp\/v2\/users\/15"}],"replies":[{"embeddable":true,"href":"https:\/\/www.cordobatimes.com\/deportes\/wp-json\/wp\/v2\/comments?post=19112"}],"version-history":[{"count":0,"href":"https:\/\/www.cordobatimes.com\/deportes\/wp-json\/wp\/v2\/posts\/19112\/revisions"}],"wp:featuredmedia":[{"embeddable":true,"href":"https:\/\/www.cordobatimes.com\/deportes\/wp-json\/wp\/v2\/media\/19113"}],"wp:attachment":[{"href":"https:\/\/www.cordobatimes.com\/deportes\/wp-json\/wp\/v2\/media?parent=19112"}],"wp:term":[{"taxonomy":"category","embeddable":true,"href":"https:\/\/www.cordobatimes.com\/deportes\/wp-json\/wp\/v2\/categories?post=19112"},{"taxonomy":"post_tag","embeddable":true,"href":"https:\/\/www.cordobatimes.com\/deportes\/wp-json\/wp\/v2\/tags?post=19112"}],"curies":[{"name":"wp","href":"https:\/\/api.w.org\/{rel}","templated":true}]}}