{"id":19024,"date":"2014-08-27T20:56:03","date_gmt":"2014-08-27T23:56:03","guid":{"rendered":"http:\/\/www.cordobatimes.com\/deportes\/?p=19024"},"modified":"2014-08-28T17:13:47","modified_gmt":"2014-08-28T20:13:47","slug":"newells-sufrio-sobre-el-final-pero-se-llevo-un-triunfo-en-rafaela","status":"publish","type":"post","link":"https:\/\/www.cordobatimes.com\/deportes\/futbol\/2014\/08\/27\/newells-sufrio-sobre-el-final-pero-se-llevo-un-triunfo-en-rafaela\/","title":{"rendered":"Newell&#8217;s sufri\u00f3 sobre el final, pero se llev\u00f3 un triunfo en Rafaela"},"content":{"rendered":"<h3 style=\"text-align: justify;\"><strong><a href=\"http:\/\/www.cordobatimes.com\/deportes\/wp-content\/uploads\/2014\/08\/maxirodriguez.jpg\"><img loading=\"lazy\" decoding=\"async\" class=\"alignnone  wp-image-19026\" style=\"margin: 5px;\" alt=\"maxirodriguez\" src=\"http:\/\/www.cordobatimes.com\/deportes\/wp-content\/uploads\/2014\/08\/maxirodriguez.jpg\" width=\"630\" height=\"413\" data-id=\"19026\" \/><\/a>La &#8220;Lepra&#8221; lo ganaba con comodidad 3 a 0, pero los dirigidos por &#8220;Boquita&#8221; Sensini se despertaron y termin\u00f3 siendo un partidazo.\u00a0Maxi Rodr\u00edguez, Coti Fern\u00e1ndez y Bast\u00eda en contra, hab\u00edan marcado para los rosarinos en el primer cap\u00edtulo. Cuando se acababa el encuentro,\u00a0Sacks y Vittor le dieron vida a la &#8220;Crema&#8221; para el 3-2 con un final apasionante.<\/strong><\/h3>\n<p>&nbsp;<\/p>\n<p><iframe loading=\"lazy\" src=\"\/\/www.youtube.com\/embed\/NYoZ6NvEZ78\" height=\"315\" width=\"100%\" allowfullscreen=\"\" frameborder=\"0\"><\/iframe><\/p>\n<p><iframe loading=\"lazy\" src=\"\/\/www.youtube.com\/embed\/QQLf2DrmvEQ\" height=\"315\" width=\"100%\" allowfullscreen=\"\" frameborder=\"0\"><\/iframe><\/p>\n<p><iframe loading=\"lazy\" src=\"\/\/www.youtube.com\/embed\/WFwvvQwkZhA\" height=\"315\" width=\"100%\" allowfullscreen=\"\" frameborder=\"0\"><\/iframe><\/p>\n<p><iframe loading=\"lazy\" src=\"\/\/www.youtube.com\/embed\/vrQlUrvPH_8\" height=\"315\" width=\"100%\" allowfullscreen=\"\" frameborder=\"0\"><\/iframe><\/p>\n<p><iframe loading=\"lazy\" src=\"\/\/www.youtube.com\/embed\/VxkHM-4cVSU\" height=\"315\" width=\"100%\" allowfullscreen=\"\" frameborder=\"0\"><\/iframe><\/p>\n","protected":false},"excerpt":{"rendered":"<p>La &#8220;Lepra&#8221; lo ganaba con comodidad 3 a 0, pero los dirigidos por &#8220;Boquita&#8221; Sensini se despertaron y termin\u00f3 siendo un partidazo.\u00a0Maxi Rodr\u00edguez, Coti Fern\u00e1ndez y Bast\u00eda en contra, hab\u00edan marcado para los rosarinos en el primer cap\u00edtulo. Cuando se acababa el encuentro,\u00a0Sacks y Vittor le dieron vida a la &#8220;Crema&#8221; para el 3-2 con [&hellip;]<\/p>\n","protected":false},"author":5,"featured_media":19026,"comment_status":"open","ping_status":"open","sticky":false,"template":"","format":"standard","meta":{"_seopress_robots_primary_cat":"","_seopress_titles_title":"","_seopress_titles_desc":"","_seopress_robots_index":"","footnotes":""},"categories":[2,16],"tags":[33,501,511,51,105,2163,3150],"class_list":["post-19024","post","type-post","status-publish","format-standard","has-post-thumbnail","hentry","category-futbol","category-primera-division","tag-afa","tag-atletico-rafaela","tag-maxi-rodriguez","tag-newells","tag-primera-division-2","tag-santa-fe","tag-torneo-de-transicion"],"_links":{"self":[{"href":"https:\/\/www.cordobatimes.com\/deportes\/wp-json\/wp\/v2\/posts\/19024","targetHints":{"allow":["GET"]}}],"collection":[{"href":"https:\/\/www.cordobatimes.com\/deportes\/wp-json\/wp\/v2\/posts"}],"about":[{"href":"https:\/\/www.cordobatimes.com\/deportes\/wp-json\/wp\/v2\/types\/post"}],"author":[{"embeddable":true,"href":"https:\/\/www.cordobatimes.com\/deportes\/wp-json\/wp\/v2\/users\/5"}],"replies":[{"embeddable":true,"href":"https:\/\/www.cordobatimes.com\/deportes\/wp-json\/wp\/v2\/comments?post=19024"}],"version-history":[{"count":0,"href":"https:\/\/www.cordobatimes.com\/deportes\/wp-json\/wp\/v2\/posts\/19024\/revisions"}],"wp:featuredmedia":[{"embeddable":true,"href":"https:\/\/www.cordobatimes.com\/deportes\/wp-json\/wp\/v2\/media\/19026"}],"wp:attachment":[{"href":"https:\/\/www.cordobatimes.com\/deportes\/wp-json\/wp\/v2\/media?parent=19024"}],"wp:term":[{"taxonomy":"category","embeddable":true,"href":"https:\/\/www.cordobatimes.com\/deportes\/wp-json\/wp\/v2\/categories?post=19024"},{"taxonomy":"post_tag","embeddable":true,"href":"https:\/\/www.cordobatimes.com\/deportes\/wp-json\/wp\/v2\/tags?post=19024"}],"curies":[{"name":"wp","href":"https:\/\/api.w.org\/{rel}","templated":true}]}}