{"id":19011,"date":"2014-08-27T20:00:30","date_gmt":"2014-08-27T23:00:30","guid":{"rendered":"http:\/\/www.cordobatimes.com\/deportes\/?p=19011"},"modified":"2014-08-28T10:09:38","modified_gmt":"2014-08-28T13:09:38","slug":"central-recibe-al-golpeado-godoy-cruz","status":"publish","type":"post","link":"https:\/\/www.cordobatimes.com\/deportes\/futbol\/2014\/08\/27\/central-recibe-al-golpeado-godoy-cruz\/","title":{"rendered":"Godoy Cruz venci\u00f3 a Central en Rosario"},"content":{"rendered":"<h3 style=\"text-align: justify;\"><b><a href=\"http:\/\/www.cordobatimes.com\/deportes\/wp-content\/uploads\/2014\/08\/ramirez.jpg\"><img loading=\"lazy\" decoding=\"async\" class=\"alignnone  wp-image-19015\" style=\"margin: 5px;\" alt=\"ramirez\" src=\"http:\/\/www.cordobatimes.com\/deportes\/wp-content\/uploads\/2014\/08\/ramirez.jpg\" width=\"630\" height=\"468\" data-id=\"19015\" \/><\/a>El &#8220;Tomba&#8221; se impuso por la m\u00ednima en el\u00a0Gigante de Arroyito\u00a0con gol de &#8220;Tito&#8221; Ram\u00edrez, a los 24 minutos del segundo tiempo.\u00a0Ambos conjuntos terminaron con diez por las expulsiones de Sebasti\u00e1n Abreu, en el equipo local, y Luis Jerez Silva, por el lado de los mendocinos.<\/b><\/h3>\n<h3 style=\"text-align: justify;\"><\/h3>\n<p>&nbsp;<\/p>\n<p><iframe loading=\"lazy\" src=\"\/\/www.youtube.com\/embed\/SkamDEMHCr4\" height=\"315\" width=\"100%\" allowfullscreen=\"\" frameborder=\"0\"><\/iframe><\/p>\n<p style=\"text-align: justify;\"><b><span style=\"text-decoration: underline;\">Formaciones:<\/span><\/b><\/p>\n<p style=\"text-align: justify;\"><b>Rosario Central: <\/b>Mauricio Caranta; Paulo Ferrari, Tom\u00e1s Berra, Alejandro Donatti, Rafael Delgado; Pablo Becker, Dami\u00e1n Musto, Fernando Barrientos, Walter Acu\u00f1a; Franco Niell y Sebasti\u00e1n Abreu. <b>DT:<\/b> Miguel Angel Russo.<\/p>\n<p style=\"text-align: justify;\"><b>Godoy Cruz: <\/b>Sebasti\u00e1n Moyano; Luis Jerez Silva, V\u00edctor Aguilera, Rolando Garc\u00eda Guerre\u00f1o, Lucas Ceballos; Diego Rodr\u00edguez, Fernando Zuqui, Jos\u00e9 Fern\u00e1ndez; Claudio Aquino; Juan Garro y Rub\u00e9n Ram\u00edrez. <b>DT<\/b>: Carlos Mayor.<\/p>\n","protected":false},"excerpt":{"rendered":"<p>El &#8220;Tomba&#8221; se impuso por la m\u00ednima en el\u00a0Gigante de Arroyito\u00a0con gol de &#8220;Tito&#8221; Ram\u00edrez, a los 24 minutos del segundo tiempo.\u00a0Ambos conjuntos terminaron con diez por las expulsiones de Sebasti\u00e1n Abreu, en el equipo local, y Luis Jerez Silva, por el lado de los mendocinos. &nbsp; Formaciones: Rosario Central: Mauricio Caranta; Paulo Ferrari, Tom\u00e1s [&hellip;]<\/p>\n","protected":false},"author":5,"featured_media":19015,"comment_status":"open","ping_status":"open","sticky":false,"template":"","format":"standard","meta":{"_seopress_robots_primary_cat":"","_seopress_titles_title":"","_seopress_titles_desc":"","_seopress_robots_index":"","footnotes":""},"categories":[2,16],"tags":[33,50,105,274],"class_list":["post-19011","post","type-post","status-publish","format-standard","has-post-thumbnail","hentry","category-futbol","category-primera-division","tag-afa","tag-godoy-cruz","tag-primera-division-2","tag-rosario-central"],"_links":{"self":[{"href":"https:\/\/www.cordobatimes.com\/deportes\/wp-json\/wp\/v2\/posts\/19011","targetHints":{"allow":["GET"]}}],"collection":[{"href":"https:\/\/www.cordobatimes.com\/deportes\/wp-json\/wp\/v2\/posts"}],"about":[{"href":"https:\/\/www.cordobatimes.com\/deportes\/wp-json\/wp\/v2\/types\/post"}],"author":[{"embeddable":true,"href":"https:\/\/www.cordobatimes.com\/deportes\/wp-json\/wp\/v2\/users\/5"}],"replies":[{"embeddable":true,"href":"https:\/\/www.cordobatimes.com\/deportes\/wp-json\/wp\/v2\/comments?post=19011"}],"version-history":[{"count":0,"href":"https:\/\/www.cordobatimes.com\/deportes\/wp-json\/wp\/v2\/posts\/19011\/revisions"}],"wp:featuredmedia":[{"embeddable":true,"href":"https:\/\/www.cordobatimes.com\/deportes\/wp-json\/wp\/v2\/media\/19015"}],"wp:attachment":[{"href":"https:\/\/www.cordobatimes.com\/deportes\/wp-json\/wp\/v2\/media?parent=19011"}],"wp:term":[{"taxonomy":"category","embeddable":true,"href":"https:\/\/www.cordobatimes.com\/deportes\/wp-json\/wp\/v2\/categories?post=19011"},{"taxonomy":"post_tag","embeddable":true,"href":"https:\/\/www.cordobatimes.com\/deportes\/wp-json\/wp\/v2\/tags?post=19011"}],"curies":[{"name":"wp","href":"https:\/\/api.w.org\/{rel}","templated":true}]}}