{"id":18949,"date":"2014-08-25T13:07:26","date_gmt":"2014-08-25T16:07:26","guid":{"rendered":"http:\/\/www.cordobatimes.com\/deportes\/?p=18949"},"modified":"2014-08-25T13:07:26","modified_gmt":"2014-08-25T16:07:26","slug":"pareto-finalizo-segunda-en-el-mundial-de-judo","status":"publish","type":"post","link":"https:\/\/www.cordobatimes.com\/deportes\/polideportivo\/2014\/08\/25\/pareto-finalizo-segunda-en-el-mundial-de-judo\/","title":{"rendered":"Pareto finaliz\u00f3 segunda en el Mundial de Judo"},"content":{"rendered":"<p style=\"text-align: center;\"><a href=\"http:\/\/www.cordobatimes.com\/deportes\/wp-content\/uploads\/2014\/08\/Judo.jpg\"><img loading=\"lazy\" decoding=\"async\" class=\"size-full wp-image-18950 aligncenter\" alt=\"Judo\" src=\"http:\/\/www.cordobatimes.com\/deportes\/wp-content\/uploads\/2014\/08\/Judo.jpg\" width=\"960\" height=\"640\" data-id=\"18950\" srcset=\"https:\/\/www.cordobatimes.com\/deportes\/wp-content\/uploads\/2014\/08\/Judo.jpg 960w, https:\/\/www.cordobatimes.com\/deportes\/wp-content\/uploads\/2014\/08\/Judo-300x200.jpg 300w\" sizes=\"auto, (max-width: 960px) 100vw, 960px\" \/><\/a><\/p>\n<h3 style=\"text-align: justify;\"><b>La argentina lleg\u00f3 a la final en la categor\u00eda 48 kilos, donde sucumbi\u00f3 frente a la japonesa Ami Kondo. La Peque hab\u00eda ganado la medalla de bronce en Pek\u00edn 2008 y Guadalajara 2011.<\/b><\/h3>\n<p style=\"text-align: justify;\">\n<p style=\"text-align: justify;\">\n<p style=\"text-align: justify;\">Paula Pareto consigui\u00f3 la plata en el Mundial de Judo disputado en Eliabinsk, Rus\u00eda, en la cateogr\u00eda hasta 48 kilos, luego de perder la final ante la nipona Ami Kondo.<\/p>\n<p style=\"text-align: justify;\">La Peque gan\u00f3 cuatro combates antes de perder por penalizaci\u00f3n en la final ante la japonesa, quien se alz\u00f3 con el oro. As\u00ed, sum\u00f3 este subcampeonato a la medalla de bronce en los Juegos Ol\u00edmpicos de Pek\u00edn 2008 y el oro en los Panamericanos de Guadalajara 2011.<\/p>\n<p style=\"text-align: justify;\">Pareto, hincha fan\u00e1tica de Estudiantes de La Plata, gan\u00f3 los tres enfrentamientos de la ronda preliminar a Taciana Lima, de Guinea Bissau, Ewa Konieczny, de Polonia, y Dayais Mestre, de Cuba. Por \u00faltimo, en la semifinal se impuso a la francesa Amandine Buchard.<\/p>\n","protected":false},"excerpt":{"rendered":"<p>La argentina lleg\u00f3 a la final en la categor\u00eda 48 kilos, donde sucumbi\u00f3 frente a la japonesa Ami Kondo. La Peque hab\u00eda ganado la medalla de bronce en Pek\u00edn 2008 y Guadalajara 2011. Paula Pareto consigui\u00f3 la plata en el Mundial de Judo disputado en Eliabinsk, Rus\u00eda, en la cateogr\u00eda hasta 48 kilos, luego de [&hellip;]<\/p>\n","protected":false},"author":15,"featured_media":18950,"comment_status":"open","ping_status":"open","sticky":false,"template":"","format":"standard","meta":{"_seopress_robots_primary_cat":"","_seopress_titles_title":"","_seopress_titles_desc":"","_seopress_robots_index":"","footnotes":""},"categories":[6],"tags":[3854,3856,3855,954],"class_list":["post-18949","post","type-post","status-publish","format-standard","has-post-thumbnail","hentry","category-polideportivo","tag-judo","tag-mundial-de-judo","tag-paula-pareto","tag-rusia"],"_links":{"self":[{"href":"https:\/\/www.cordobatimes.com\/deportes\/wp-json\/wp\/v2\/posts\/18949","targetHints":{"allow":["GET"]}}],"collection":[{"href":"https:\/\/www.cordobatimes.com\/deportes\/wp-json\/wp\/v2\/posts"}],"about":[{"href":"https:\/\/www.cordobatimes.com\/deportes\/wp-json\/wp\/v2\/types\/post"}],"author":[{"embeddable":true,"href":"https:\/\/www.cordobatimes.com\/deportes\/wp-json\/wp\/v2\/users\/15"}],"replies":[{"embeddable":true,"href":"https:\/\/www.cordobatimes.com\/deportes\/wp-json\/wp\/v2\/comments?post=18949"}],"version-history":[{"count":0,"href":"https:\/\/www.cordobatimes.com\/deportes\/wp-json\/wp\/v2\/posts\/18949\/revisions"}],"wp:featuredmedia":[{"embeddable":true,"href":"https:\/\/www.cordobatimes.com\/deportes\/wp-json\/wp\/v2\/media\/18950"}],"wp:attachment":[{"href":"https:\/\/www.cordobatimes.com\/deportes\/wp-json\/wp\/v2\/media?parent=18949"}],"wp:term":[{"taxonomy":"category","embeddable":true,"href":"https:\/\/www.cordobatimes.com\/deportes\/wp-json\/wp\/v2\/categories?post=18949"},{"taxonomy":"post_tag","embeddable":true,"href":"https:\/\/www.cordobatimes.com\/deportes\/wp-json\/wp\/v2\/tags?post=18949"}],"curies":[{"name":"wp","href":"https:\/\/api.w.org\/{rel}","templated":true}]}}