{"id":18931,"date":"2014-08-24T22:37:26","date_gmt":"2014-08-25T01:37:26","guid":{"rendered":"http:\/\/www.cordobatimes.com\/deportes\/?p=18931"},"modified":"2014-08-25T11:09:08","modified_gmt":"2014-08-25T14:09:08","slug":"sportivo-belgrano-derroto-a-independiente-de-rivadavia","status":"publish","type":"post","link":"https:\/\/www.cordobatimes.com\/deportes\/futbol\/2014\/08\/24\/sportivo-belgrano-derroto-a-independiente-de-rivadavia\/","title":{"rendered":"Sportivo Belgrano derrot\u00f3 a Independiente Rivadavia"},"content":{"rendered":"<h3><a href=\"http:\/\/www.cordobatimes.com\/deportes\/wp-content\/uploads\/2014\/08\/lepra-nueva.jpg_274898881.jpg\"><img loading=\"lazy\" decoding=\"async\" class=\"aligncenter size-full wp-image-18932\" alt=\"lepra-nueva.jpg_274898881\" src=\"http:\/\/www.cordobatimes.com\/deportes\/wp-content\/uploads\/2014\/08\/lepra-nueva.jpg_274898881.jpg\" width=\"624\" height=\"468\" data-id=\"18932\" srcset=\"https:\/\/www.cordobatimes.com\/deportes\/wp-content\/uploads\/2014\/08\/lepra-nueva.jpg_274898881.jpg 624w, https:\/\/www.cordobatimes.com\/deportes\/wp-content\/uploads\/2014\/08\/lepra-nueva.jpg_274898881-300x225.jpg 300w\" sizes=\"auto, (max-width: 624px) 100vw, 624px\" \/><\/a><\/h3>\n<h3>Por la tercera fecha del torneo de la B Nacional, el equipo de San Francisco venci\u00f3 en su casa a la Lepra mendocina por 2 a 1. Carignano y Francia marcaron los goles para el Verde, mientras que Garc\u00eda descont\u00f3 para la visita.<\/h3>\n<p>&nbsp;<\/p>\n<div>\n<p>Sportivo Belgrano de San Francisco le gan\u00f3 esta tarde por 2 a 1 a Independiente Rivadavia en el Oscar Boero. El partido fue correspondiente a la tercera fecha de la B Nacional.<\/p>\n<p>Los goles del partido fueron marcados por C\u00e9sar Carignano a los 26 minutos del primer tiempo y Juan Pablo Francia a los 36 del complemento para el equipo cordob\u00e9s. Mientras que Walter Garc\u00eda, de penal, descont\u00f3 para la Lepra mendocina.<\/p>\n<p>&nbsp;<\/p>\n<p><span style=\"text-decoration: underline;\"><strong>Formaciones:<\/strong><\/span><\/p>\n<p><strong>Sportivo Belgrano:<\/strong>\u00a0Juan Cruz Leguizam\u00f3n; Emanuel Urquiza, C\u00e9sar Medina, Leonardo Talamonti, Mat\u00edas Quiroga; Franco Dolci, Leonardo Borzani, Ricardo G\u00f3mez; Juan Pablo Francia; Fernando Coniglio, C\u00e9sar Carignano, DT: C. Ramacciotti.<\/p>\n<p><strong>Independiente Rivadavia:\u00a0<\/strong>Josu\u00e9 Ayala, Walter Garc\u00eda, Eduardo M\u00e9ndez, Leandro Caballero, Lucas Parisi; Freddy Coronel, Federico Guerra; Carlos Rearte, Claudio Vel\u00e1zquez, Diego Tonetto; Diego Gonz\u00e1lez. Vega DT: R. Rodr\u00edguez.<\/p>\n<p><strong>Cancha:<\/strong>\u00a0Sportivo Belgrano.<\/p>\n<p><strong>\u00c1rbitro:\u00a0<\/strong>Ariel Penel.<\/p>\n<\/div>\n","protected":false},"excerpt":{"rendered":"<p>Por la tercera fecha del torneo de la B Nacional, el equipo de San Francisco venci\u00f3 en su casa a la Lepra mendocina por 2 a 1. Carignano y Francia marcaron los goles para el Verde, mientras que Garc\u00eda descont\u00f3 para la visita. &nbsp; Sportivo Belgrano de San Francisco le gan\u00f3 esta tarde por 2 [&hellip;]<\/p>\n","protected":false},"author":1,"featured_media":18932,"comment_status":"open","ping_status":"open","sticky":false,"template":"","format":"standard","meta":{"_seopress_robots_primary_cat":"","_seopress_titles_title":"","_seopress_titles_desc":"","_seopress_robots_index":"","footnotes":""},"categories":[2,17],"tags":[3849,3850],"class_list":["post-18931","post","type-post","status-publish","format-standard","has-post-thumbnail","hentry","category-futbol","category-nacional-b","tag-sportivo-belgrano-vs-independiente-de-rivadavia","tag-tercera-fecha-de-la-b-nacional"],"_links":{"self":[{"href":"https:\/\/www.cordobatimes.com\/deportes\/wp-json\/wp\/v2\/posts\/18931","targetHints":{"allow":["GET"]}}],"collection":[{"href":"https:\/\/www.cordobatimes.com\/deportes\/wp-json\/wp\/v2\/posts"}],"about":[{"href":"https:\/\/www.cordobatimes.com\/deportes\/wp-json\/wp\/v2\/types\/post"}],"author":[{"embeddable":true,"href":"https:\/\/www.cordobatimes.com\/deportes\/wp-json\/wp\/v2\/users\/1"}],"replies":[{"embeddable":true,"href":"https:\/\/www.cordobatimes.com\/deportes\/wp-json\/wp\/v2\/comments?post=18931"}],"version-history":[{"count":0,"href":"https:\/\/www.cordobatimes.com\/deportes\/wp-json\/wp\/v2\/posts\/18931\/revisions"}],"wp:featuredmedia":[{"embeddable":true,"href":"https:\/\/www.cordobatimes.com\/deportes\/wp-json\/wp\/v2\/media\/18932"}],"wp:attachment":[{"href":"https:\/\/www.cordobatimes.com\/deportes\/wp-json\/wp\/v2\/media?parent=18931"}],"wp:term":[{"taxonomy":"category","embeddable":true,"href":"https:\/\/www.cordobatimes.com\/deportes\/wp-json\/wp\/v2\/categories?post=18931"},{"taxonomy":"post_tag","embeddable":true,"href":"https:\/\/www.cordobatimes.com\/deportes\/wp-json\/wp\/v2\/tags?post=18931"}],"curies":[{"name":"wp","href":"https:\/\/api.w.org\/{rel}","templated":true}]}}