{"id":18800,"date":"2014-08-23T23:00:53","date_gmt":"2014-08-24T02:00:53","guid":{"rendered":"http:\/\/www.cordobatimes.com\/deportes\/?p=18800"},"modified":"2014-08-23T23:05:43","modified_gmt":"2014-08-24T02:05:43","slug":"velez-goleo-a-independiente-en-avellaneda","status":"publish","type":"post","link":"https:\/\/www.cordobatimes.com\/deportes\/futbol\/2014\/08\/23\/velez-goleo-a-independiente-en-avellaneda\/","title":{"rendered":"V\u00e9lez gole\u00f3 a Independiente en Avellaneda"},"content":{"rendered":"<h3><\/h3>\n<p style=\"text-align: center;\"><a href=\"http:\/\/www.cordobatimes.com\/deportes\/wp-content\/uploads\/2014\/08\/Pratto.jpg\"><img loading=\"lazy\" decoding=\"async\" class=\"size-full wp-image-18871 aligncenter\" alt=\"Pratto\" src=\"http:\/\/www.cordobatimes.com\/deportes\/wp-content\/uploads\/2014\/08\/Pratto.jpg\" width=\"960\" height=\"640\" data-id=\"18871\" srcset=\"https:\/\/www.cordobatimes.com\/deportes\/wp-content\/uploads\/2014\/08\/Pratto.jpg 960w, https:\/\/www.cordobatimes.com\/deportes\/wp-content\/uploads\/2014\/08\/Pratto-300x200.jpg 300w\" sizes=\"auto, (max-width: 960px) 100vw, 960px\" \/><\/a><\/p>\n<h3><b>Con goles de Pratto (en dos oportunidades), Leonardo Rol\u00f3n (ol\u00edmpico), y Lucas Romero, el Fort\u00edn vapule\u00f3 al Rojo en el Libertadores de Am\u00e9rica y manda con puntaje ideal.<\/b><\/h3>\n<h3><\/h3>\n<p style=\"text-align: justify;\">V\u00e9lez gole\u00f3 a Independiente en Avellaneda por 4-0 y es el \u00fanico l\u00edder del Campeonato de Primera Divisi\u00f3n. Con este triunfo suma puntaje ideal con 9 unidades, mientras que el Rojo acumula dos ca\u00eddas consecutivas luego de arrancar con el pie derecho ante Atl\u00e9tico de Rafaela.<\/p>\n<p style=\"text-align: justify;\">El primer tiempo fue m\u00e1s parejo, con ocasiones para ambos lados, aunque fue el conjunto de Liniers el que tuvo las m\u00e1s claras. Federico Mancuello fue el mejor del local con un remate que se fue pegado al palo izquierdo de Sebasti\u00e1n Sosa y otro que alcanz\u00f3 a desviar Emiliano Papa. Despu\u00e9s fueron los dirigidos por el Turu Flores los que tuvieron su oportunidad: Diego Rodr\u00edguez se lo tap\u00f3 a Roberto Nanni, Leonardo Rol\u00f3n desperdici\u00f3 dos tiros cruzados por derecha y Alejandro Cabral tuvo un disparo que se fue apenas alto.<\/p>\n<p style=\"text-align: justify;\">Ni bien comenzado el complemento, Fabi\u00e1n Cubero lanz\u00f3 una bola frontal que dejo a Lucas Pratto cara a cara con el Ruso Rodr\u00edguez por la izquierda, para definir bajo para el primero. El\u00a0 conjunto de Almir\u00f3n sali\u00f3 a buscar el empate con un disparo de Mancuello que se fue desviado, sin ideas pero con esperanza.<\/p>\n<p style=\"text-align: justify;\">Ya a los 27, nuevamente Pratto qued\u00f3 solo de contra y no perdon\u00f3 con un tiro cruzado desde la izquierda para poner el 2-0. Luego el reci\u00e9n ingresado Milton Caraglio desperdici\u00f3 un mano a mano que ahog\u00f3 bien Rodr\u00edguez. A los 35, Rol\u00f3n regal\u00f3 la perla de la fecha: gol ol\u00edmpico al ejecutar un corner desde la izquierda.<\/p>\n<p style=\"text-align: justify;\">A los 39, y con el \u00e1nimo del Rojo por el piso, Romero qued\u00f3 solo luego de una falla defensiva compartida entre Tula y Cuesta y volvi\u00f3 a superar al \u201cRusito\u201d para poner el 4-0 final.<\/p>\n<h3 style=\"text-align: justify;\"><strong>\u00a0<\/strong><\/h3>\n<p style=\"text-align: justify;\"><strong>FORMACIONES<\/strong><\/p>\n<p style=\"text-align: justify;\">Independiente: Diego Rodr\u00edguez; Cristi\u00e1n Tula, Jorge Figal y V\u00edctor Cuesta; Rodrigo G\u00f3mez, Jes\u00fas M\u00e9ndez, Federico Mancuello y Lucas Villalba; Daniel Montenegro, Claudio Ria\u00f1o y Juan Mart\u00edn Lucero. DT: Jorge Almir\u00f3n.<\/p>\n<p style=\"text-align: justify;\">V\u00e9lez Sarsfield: Sebasti\u00e1n Sosa; Fabi\u00e1n Cubero, Sebasti\u00e1n Dom\u00ednguez, Facundo Cardozo y Emiliano Papa; Leonardo Rol\u00f3n, Leandro Des\u00e1bato, Alejandro Cabral y Jorge Correa; Lucas Pratto y Roberto Nanni. DT: Jos\u00e9 Flores.<\/p>\n","protected":false},"excerpt":{"rendered":"<p>Con goles de Pratto (en dos oportunidades), Leonardo Rol\u00f3n (ol\u00edmpico), y Lucas Romero, el Fort\u00edn vapule\u00f3 al Rojo en el Libertadores de Am\u00e9rica y manda con puntaje ideal. V\u00e9lez gole\u00f3 a Independiente en Avellaneda por 4-0 y es el \u00fanico l\u00edder del Campeonato de Primera Divisi\u00f3n. Con este triunfo suma puntaje ideal con 9 unidades, [&hellip;]<\/p>\n","protected":false},"author":15,"featured_media":18871,"comment_status":"open","ping_status":"open","sticky":false,"template":"","format":"standard","meta":{"_seopress_robots_primary_cat":"","_seopress_titles_title":"","_seopress_titles_desc":"","_seopress_robots_index":"","footnotes":""},"categories":[2,16],"tags":[33,1045,3840,3150],"class_list":["post-18800","post","type-post","status-publish","format-standard","has-post-thumbnail","hentry","category-futbol","category-primera-division","tag-afa","tag-goleada","tag-independiente-velez","tag-torneo-de-transicion"],"_links":{"self":[{"href":"https:\/\/www.cordobatimes.com\/deportes\/wp-json\/wp\/v2\/posts\/18800","targetHints":{"allow":["GET"]}}],"collection":[{"href":"https:\/\/www.cordobatimes.com\/deportes\/wp-json\/wp\/v2\/posts"}],"about":[{"href":"https:\/\/www.cordobatimes.com\/deportes\/wp-json\/wp\/v2\/types\/post"}],"author":[{"embeddable":true,"href":"https:\/\/www.cordobatimes.com\/deportes\/wp-json\/wp\/v2\/users\/15"}],"replies":[{"embeddable":true,"href":"https:\/\/www.cordobatimes.com\/deportes\/wp-json\/wp\/v2\/comments?post=18800"}],"version-history":[{"count":0,"href":"https:\/\/www.cordobatimes.com\/deportes\/wp-json\/wp\/v2\/posts\/18800\/revisions"}],"wp:featuredmedia":[{"embeddable":true,"href":"https:\/\/www.cordobatimes.com\/deportes\/wp-json\/wp\/v2\/media\/18871"}],"wp:attachment":[{"href":"https:\/\/www.cordobatimes.com\/deportes\/wp-json\/wp\/v2\/media?parent=18800"}],"wp:term":[{"taxonomy":"category","embeddable":true,"href":"https:\/\/www.cordobatimes.com\/deportes\/wp-json\/wp\/v2\/categories?post=18800"},{"taxonomy":"post_tag","embeddable":true,"href":"https:\/\/www.cordobatimes.com\/deportes\/wp-json\/wp\/v2\/tags?post=18800"}],"curies":[{"name":"wp","href":"https:\/\/api.w.org\/{rel}","templated":true}]}}