{"id":18738,"date":"2014-08-22T09:31:57","date_gmt":"2014-08-22T12:31:57","guid":{"rendered":"http:\/\/www.cordobatimes.com\/deportes\/?p=18738"},"modified":"2019-04-02T21:03:21","modified_gmt":"2019-04-03T00:03:21","slug":"neymar-se-perdera-el-debut-del-barcelona","status":"publish","type":"post","link":"https:\/\/www.cordobatimes.com\/deportes\/futbol-internacional\/2014\/08\/22\/neymar-se-perdera-el-debut-del-barcelona\/","title":{"rendered":"Neymar se perder\u00e1 el debut del Barcelona"},"content":{"rendered":"<h3 style=\"text-align: justify;\"><strong>El delantero brasile\u00f1o sufre un esguince de tobillo y, pese a intentar rehabilitarlo en pocos d\u00edas, no estar\u00e1 en el partido del pr\u00f3ximo domingo frente al Elche, donde el conjunto de Luis Enrique pondr\u00e1 primera en la Liga de Espa\u00f1a.<\/strong><\/h3>\n<p style=\"text-align: justify;\">Neymar Da Silva, una de las figuras del FC Barcelona, padece un &#8220;esguince de grado 1 en la sindemosis del tobillo izquierdo&#8221;, seg\u00fan dicta el comunicado oficial enviado por el cuerpo m\u00e9dico del club.<\/p>\n<p style=\"text-align: justify;\">De esta forma, el ex Santos se suma a la lista de lesionados compuesta por dos de los refuerzos, el defensor Thomas Vermaelen y el arquero Marc-Andr\u00e9 Ter Stegen, quienes en los pr\u00f3ximos d\u00edas podr\u00edan estar a disposici\u00f3n del nuevo entrenador catal\u00e1n.<\/p>\n","protected":false},"excerpt":{"rendered":"<p>El delantero brasile\u00f1o sufre un esguince de tobillo y, pese a intentar rehabilitarlo en pocos d\u00edas, no estar\u00e1 en el partido del pr\u00f3ximo domingo frente al Elche, donde el conjunto de Luis Enrique pondr\u00e1 primera en la Liga de Espa\u00f1a. Neymar Da Silva, una de las figuras del FC Barcelona, padece un &#8220;esguince de grado [&hellip;]<\/p>\n","protected":false},"author":2,"featured_media":18739,"comment_status":"open","ping_status":"open","sticky":false,"template":"","format":"standard","meta":{"_seopress_robots_primary_cat":"none","_seopress_titles_title":"","_seopress_titles_desc":"","_seopress_robots_index":"","footnotes":""},"categories":[18],"tags":[67,301,244],"class_list":{"0":"post-18738","1":"post","2":"type-post","3":"status-publish","4":"format-standard","5":"has-post-thumbnail","6":"hentry","7":"category-futbol-internacional","8":"tag-barcelona","10":"tag-neymar"},"_links":{"self":[{"href":"https:\/\/www.cordobatimes.com\/deportes\/wp-json\/wp\/v2\/posts\/18738","targetHints":{"allow":["GET"]}}],"collection":[{"href":"https:\/\/www.cordobatimes.com\/deportes\/wp-json\/wp\/v2\/posts"}],"about":[{"href":"https:\/\/www.cordobatimes.com\/deportes\/wp-json\/wp\/v2\/types\/post"}],"author":[{"embeddable":true,"href":"https:\/\/www.cordobatimes.com\/deportes\/wp-json\/wp\/v2\/users\/2"}],"replies":[{"embeddable":true,"href":"https:\/\/www.cordobatimes.com\/deportes\/wp-json\/wp\/v2\/comments?post=18738"}],"version-history":[{"count":0,"href":"https:\/\/www.cordobatimes.com\/deportes\/wp-json\/wp\/v2\/posts\/18738\/revisions"}],"wp:featuredmedia":[{"embeddable":true,"href":"https:\/\/www.cordobatimes.com\/deportes\/wp-json\/wp\/v2\/media\/18739"}],"wp:attachment":[{"href":"https:\/\/www.cordobatimes.com\/deportes\/wp-json\/wp\/v2\/media?parent=18738"}],"wp:term":[{"taxonomy":"category","embeddable":true,"href":"https:\/\/www.cordobatimes.com\/deportes\/wp-json\/wp\/v2\/categories?post=18738"},{"taxonomy":"post_tag","embeddable":true,"href":"https:\/\/www.cordobatimes.com\/deportes\/wp-json\/wp\/v2\/tags?post=18738"}],"curies":[{"name":"wp","href":"https:\/\/api.w.org\/{rel}","templated":true}]}}