{"id":18691,"date":"2014-08-21T10:41:27","date_gmt":"2014-08-21T13:41:27","guid":{"rendered":"http:\/\/www.cordobatimes.com\/deportes\/?p=18691"},"modified":"2014-08-21T10:50:01","modified_gmt":"2014-08-21T13:50:01","slug":"por-que-van-gaal-eligio-a-marcos-rojo","status":"publish","type":"post","link":"https:\/\/www.cordobatimes.com\/deportes\/futbol-internacional\/2014\/08\/21\/por-que-van-gaal-eligio-a-marcos-rojo\/","title":{"rendered":"\u00bfPor qu\u00e9 Van Gaal eligi\u00f3 a Marcos Rojo?"},"content":{"rendered":"<h3><strong><a href=\"http:\/\/www.cordobatimes.com\/deportes\/wp-content\/uploads\/2014\/08\/Rojo.png\"><img loading=\"lazy\" decoding=\"async\" class=\"size-full wp-image-18692 aligncenter\" alt=\"Rojo\" src=\"http:\/\/www.cordobatimes.com\/deportes\/wp-content\/uploads\/2014\/08\/Rojo.png\" width=\"713\" height=\"400\" data-id=\"18692\" srcset=\"https:\/\/www.cordobatimes.com\/deportes\/wp-content\/uploads\/2014\/08\/Rojo.png 713w, https:\/\/www.cordobatimes.com\/deportes\/wp-content\/uploads\/2014\/08\/Rojo-300x168.png 300w\" sizes=\"auto, (max-width: 713px) 100vw, 713px\" \/><\/a><\/strong><\/h3>\n<h3 style=\"text-align: justify;\"><strong>El hist\u00f3rico entrenador holand\u00e9s, flamante DT de Manchester United, habl\u00f3 maravillas del defensor argentino. &#8220;Tiene habilidad, fortaleza f\u00edsica y ganas de aprender&#8221;, fueron algunas de sus palabras a los medios.<\/strong><\/h3>\n<p style=\"text-align: justify;\">\n<p style=\"text-align: justify;\">Louis Van Gaal, un t\u00e9cnico de la vieja escuela holandesa, t\u00e1ctico y con una personalidad muy fuerte, que en su momento decidi\u00f3 prescindir de Juan Rom\u00e1n Riquelme en Barcelona, se la jug\u00f3 esta vez por un jugador que antes del Mundial era muy criticado, marc\u00e1ndolo como uno de los responsables de la floja defensa albiceleste.<\/p>\n<p style=\"text-align: justify;\">Todo cambi\u00f3 en Brasil 2014, donde Rojo se afianz\u00f3 y salvo el debut ante Bosnia, cumpli\u00f3 un campeonato con rendimientos muy buenos. Esto hizo que clubes grandes de Europa, entre ellos Manchester United, posaran sus ojos en \u00e9l.<\/p>\n<p style=\"text-align: justify;\">Los Diablos Rojos, que recibieron a Van Gaal (fue tercero con Holanda en la Copa del Mundo) hicieron las gestiones necesarias para contar con el ex Estudiantes por una suma cercana a los 20 millones de euros.<\/p>\n<p style=\"text-align: justify;\">El DT se encarg\u00f3 de despejar las dudas planteadas sobre que cualidades vio en el defensor para apostar por su contrataci\u00f3n:\u00a0&#8220;Marcos es un defensor muy talentoso. Jug\u00f3 al m\u00e1ximo nivel en el Mundial y puede jugar tanto de central como de lateral&#8221;, comenz\u00f3. Luego a\u00f1adi\u00f3 que &#8220;tiene habilidad, fortaleza f\u00edsica y ganas de aprender, lo que significa que tiene un gran futuro por delante&#8221;.<\/p>\n<p style=\"text-align: justify;\">Para cerrar, &#8220;Lucho&#8221; declar\u00f3: &#8220;Tuvo un muy buen Mundial y ya lleva un par de a\u00f1os jugando en Europa. Es una gran incorporaci\u00f3n al equipo&#8221;.<\/p>\n","protected":false},"excerpt":{"rendered":"<p>El hist\u00f3rico entrenador holand\u00e9s, flamante DT de Manchester United, habl\u00f3 maravillas del defensor argentino. &#8220;Tiene habilidad, fortaleza f\u00edsica y ganas de aprender&#8221;, fueron algunas de sus palabras a los medios. Louis Van Gaal, un t\u00e9cnico de la vieja escuela holandesa, t\u00e1ctico y con una personalidad muy fuerte, que en su momento decidi\u00f3 prescindir de Juan [&hellip;]<\/p>\n","protected":false},"author":2,"featured_media":18692,"comment_status":"open","ping_status":"open","sticky":false,"template":"","format":"standard","meta":{"_seopress_robots_primary_cat":"","_seopress_titles_title":"","_seopress_titles_desc":"","_seopress_robots_index":"","footnotes":""},"categories":[18],"tags":[1431,3824,607,3825],"class_list":["post-18691","post","type-post","status-publish","format-standard","has-post-thumbnail","hentry","category-futbol-internacional","tag-manchester-united","tag-marcos-red","tag-rojo","tag-van-gaal"],"_links":{"self":[{"href":"https:\/\/www.cordobatimes.com\/deportes\/wp-json\/wp\/v2\/posts\/18691","targetHints":{"allow":["GET"]}}],"collection":[{"href":"https:\/\/www.cordobatimes.com\/deportes\/wp-json\/wp\/v2\/posts"}],"about":[{"href":"https:\/\/www.cordobatimes.com\/deportes\/wp-json\/wp\/v2\/types\/post"}],"author":[{"embeddable":true,"href":"https:\/\/www.cordobatimes.com\/deportes\/wp-json\/wp\/v2\/users\/2"}],"replies":[{"embeddable":true,"href":"https:\/\/www.cordobatimes.com\/deportes\/wp-json\/wp\/v2\/comments?post=18691"}],"version-history":[{"count":0,"href":"https:\/\/www.cordobatimes.com\/deportes\/wp-json\/wp\/v2\/posts\/18691\/revisions"}],"wp:featuredmedia":[{"embeddable":true,"href":"https:\/\/www.cordobatimes.com\/deportes\/wp-json\/wp\/v2\/media\/18692"}],"wp:attachment":[{"href":"https:\/\/www.cordobatimes.com\/deportes\/wp-json\/wp\/v2\/media?parent=18691"}],"wp:term":[{"taxonomy":"category","embeddable":true,"href":"https:\/\/www.cordobatimes.com\/deportes\/wp-json\/wp\/v2\/categories?post=18691"},{"taxonomy":"post_tag","embeddable":true,"href":"https:\/\/www.cordobatimes.com\/deportes\/wp-json\/wp\/v2\/tags?post=18691"}],"curies":[{"name":"wp","href":"https:\/\/api.w.org\/{rel}","templated":true}]}}