{"id":18681,"date":"2014-08-20T14:32:17","date_gmt":"2014-08-20T17:32:17","guid":{"rendered":"http:\/\/www.cordobatimes.com\/deportes\/?p=18681"},"modified":"2014-08-20T23:12:55","modified_gmt":"2014-08-21T02:12:55","slug":"talleres-finalmente-favio-alvarez-descartado-para-el-debut","status":"publish","type":"post","link":"https:\/\/www.cordobatimes.com\/deportes\/futbol\/2014\/08\/20\/talleres-finalmente-favio-alvarez-descartado-para-el-debut\/","title":{"rendered":"Talleres: Finalmente Favio \u00c1lvarez fue descartado para el debut"},"content":{"rendered":"<p style=\"text-align: center;\"><a href=\"http:\/\/www.cordobatimes.com\/deportes\/wp-content\/uploads\/2014\/08\/taiere.jpg\"><img loading=\"lazy\" decoding=\"async\" class=\"size-full wp-image-18682 aligncenter\" alt=\"taiere\" src=\"http:\/\/www.cordobatimes.com\/deportes\/wp-content\/uploads\/2014\/08\/taiere.jpg\" width=\"862\" height=\"576\" data-id=\"18682\" srcset=\"https:\/\/www.cordobatimes.com\/deportes\/wp-content\/uploads\/2014\/08\/taiere.jpg 862w, https:\/\/www.cordobatimes.com\/deportes\/wp-content\/uploads\/2014\/08\/taiere-300x200.jpg 300w\" sizes=\"auto, (max-width: 862px) 100vw, 862px\" \/><\/a><\/p>\n<h3 style=\"text-align: justify;\"><b>Hoy el plantel de la \u201cT\u201d realiz\u00f3 una pr\u00e1ctica de f\u00fatbol formal a puertas cerradas. El volante no se recuper\u00f3 de su lesi\u00f3n y no ser\u00e1 de la partida el domingo para enfrentar a Tiro Federal de Rosario. <\/b><\/h3>\n<p style=\"text-align: justify;\">\n<p style=\"text-align: justify;\">Si bien desde el Consejo Federal el partido eta definido para el domingo a la ma\u00f1ana en Rosario, todo indica que el Matador har\u00e1 su debut en el Torneo Federal A por la tarde, y en Arroyo Seco. Bajo este panorama, el mediocampista Favio \u00c1lvarez no llega en \u00f3ptimas condiciones y qued\u00f3 descartado para el choque.<\/p>\n<p style=\"text-align: justify;\">El cambio de horario y cancha fue un pedido del equipo local (Tiro Federal), seg\u00fan lo indicaron miembros del Fondo de Inversi\u00f3n. El tema est\u00e1 bastante avanzado y s\u00f3lo restar\u00eda la oficializaci\u00f3n.<\/p>\n<p style=\"text-align: justify;\">Respecto a lo estrictamente futbol\u00edstico, el once titular no podr\u00eda contar con la presencia de Favio \u00c1lvarez. El volante no se recuper\u00f3 del todo y luego del entrenamiento matutino qued\u00f3 marginado. La formaci\u00f3n titular ser\u00eda: Federico Costa; Ivo Ch\u00e1vez, Lucas Bovaglio, Juli\u00e1n Fern\u00e1ndez y Lautaro Formica o El\u00edas Bazzi; Juli\u00e1n Mozzo y Nicol\u00e1s Schenone Paz; Ezequiel Barrionuevo, Agust\u00edn D\u00edaz y Patricio Rodr\u00edguez; Diego Mart\u00ednez.<\/p>\n","protected":false},"excerpt":{"rendered":"<p>Hoy el plantel de la \u201cT\u201d realiz\u00f3 una pr\u00e1ctica de f\u00fatbol formal a puertas cerradas. El volante no se recuper\u00f3 de su lesi\u00f3n y no ser\u00e1 de la partida el domingo para enfrentar a Tiro Federal de Rosario. Si bien desde el Consejo Federal el partido eta definido para el domingo a la ma\u00f1ana en [&hellip;]<\/p>\n","protected":false},"author":15,"featured_media":18682,"comment_status":"open","ping_status":"open","sticky":false,"template":"","format":"standard","meta":{"_seopress_robots_primary_cat":"","_seopress_titles_title":"","_seopress_titles_desc":"","_seopress_robots_index":"","footnotes":""},"categories":[2],"tags":[3823,3658,40],"class_list":["post-18681","post","type-post","status-publish","format-standard","has-post-thumbnail","hentry","category-futbol","tag-fabio-alvarez","tag-federal-a","tag-talleres"],"_links":{"self":[{"href":"https:\/\/www.cordobatimes.com\/deportes\/wp-json\/wp\/v2\/posts\/18681","targetHints":{"allow":["GET"]}}],"collection":[{"href":"https:\/\/www.cordobatimes.com\/deportes\/wp-json\/wp\/v2\/posts"}],"about":[{"href":"https:\/\/www.cordobatimes.com\/deportes\/wp-json\/wp\/v2\/types\/post"}],"author":[{"embeddable":true,"href":"https:\/\/www.cordobatimes.com\/deportes\/wp-json\/wp\/v2\/users\/15"}],"replies":[{"embeddable":true,"href":"https:\/\/www.cordobatimes.com\/deportes\/wp-json\/wp\/v2\/comments?post=18681"}],"version-history":[{"count":0,"href":"https:\/\/www.cordobatimes.com\/deportes\/wp-json\/wp\/v2\/posts\/18681\/revisions"}],"wp:featuredmedia":[{"embeddable":true,"href":"https:\/\/www.cordobatimes.com\/deportes\/wp-json\/wp\/v2\/media\/18682"}],"wp:attachment":[{"href":"https:\/\/www.cordobatimes.com\/deportes\/wp-json\/wp\/v2\/media?parent=18681"}],"wp:term":[{"taxonomy":"category","embeddable":true,"href":"https:\/\/www.cordobatimes.com\/deportes\/wp-json\/wp\/v2\/categories?post=18681"},{"taxonomy":"post_tag","embeddable":true,"href":"https:\/\/www.cordobatimes.com\/deportes\/wp-json\/wp\/v2\/tags?post=18681"}],"curies":[{"name":"wp","href":"https:\/\/api.w.org\/{rel}","templated":true}]}}