{"id":18655,"date":"2014-08-20T10:01:08","date_gmt":"2014-08-20T13:01:08","guid":{"rendered":"http:\/\/www.cordobatimes.com\/deportes\/?p=18655"},"modified":"2014-08-20T10:07:31","modified_gmt":"2014-08-20T13:07:31","slug":"el-papa-francisco-recibio-a-la-delegacion-de-san-lorenzo-2","status":"publish","type":"post","link":"https:\/\/www.cordobatimes.com\/deportes\/futbol\/2014\/08\/20\/el-papa-francisco-recibio-a-la-delegacion-de-san-lorenzo-2\/","title":{"rendered":"El Papa Francisco recibi\u00f3 a la delegaci\u00f3n de San Lorenzo"},"content":{"rendered":"<h3><strong><a href=\"http:\/\/www.cordobatimes.com\/deportes\/wp-content\/uploads\/2014\/08\/San-Lorenzo-y-el-Papa.jpg\"><img loading=\"lazy\" decoding=\"async\" class=\"alignnone size-full wp-image-18656\" alt=\"San Lorenzo y el Papa\" src=\"http:\/\/www.cordobatimes.com\/deportes\/wp-content\/uploads\/2014\/08\/San-Lorenzo-y-el-Papa.jpg\" width=\"1000\" height=\"560\" data-id=\"18656\" srcset=\"https:\/\/www.cordobatimes.com\/deportes\/wp-content\/uploads\/2014\/08\/San-Lorenzo-y-el-Papa.jpg 1000w, https:\/\/www.cordobatimes.com\/deportes\/wp-content\/uploads\/2014\/08\/San-Lorenzo-y-el-Papa-300x168.jpg 300w\" sizes=\"auto, (max-width: 1000px) 100vw, 1000px\" \/><\/a><\/strong><\/h3>\n<h3 style=\"text-align: justify;\"><strong>Tras la consagraci\u00f3n por Copa Libertadores, Marcelo Tinelli, Edgardo Bauza y Julio Buffarini, entre otros, le llevaron una r\u00e9plica del trofeo al sumo pont\u00edfice, quien salud\u00f3 &#8220;a los campeones de Am\u00e9rica&#8221;.<\/strong><\/h3>\n<p style=\"text-align: justify;\">\n<p style=\"text-align: justify;\">Adem\u00e1s de los ya mencionados, visitaron el Vaticano Mat\u00edas Lammens, presidente de la instituci\u00f3n, el futbolista Juan Mercier y el manager Bernardo Romeo.<\/p>\n<p style=\"text-align: justify;\">Todos llegaron al encuentro de Francisco justo en un momento complicado a nivel personal, ya que en un accidente perdieron la vida la esposa de su sobrino y los hijos de ambos, mientras que Emanuel Bergoglio sigue grave.\u00a0Debido a esto, Marcelo Tinelli agradeci\u00f3 el gesto de haberlos recibido pese al hecho que lo mantuvo apesadumbrado.<\/p>\n<p style=\"text-align: justify;\">En una misa p\u00fablica, el Papa agradeci\u00f3 la presencia de los argentinos y lanz\u00f3 un\u00a0&#8220;Saludos a los campeones de Am\u00e9rica, San Lorenzo, que es parte de mi identidad cultural&#8221;, generando el aplauso de mucha gente presente.<\/p>\n<p style=\"text-align: justify;\">Foto: TyC Sports.<\/p>\n","protected":false},"excerpt":{"rendered":"<p>Tras la consagraci\u00f3n por Copa Libertadores, Marcelo Tinelli, Edgardo Bauza y Julio Buffarini, entre otros, le llevaron una r\u00e9plica del trofeo al sumo pont\u00edfice, quien salud\u00f3 &#8220;a los campeones de Am\u00e9rica&#8221;. Adem\u00e1s de los ya mencionados, visitaron el Vaticano Mat\u00edas Lammens, presidente de la instituci\u00f3n, el futbolista Juan Mercier y el manager Bernardo Romeo. Todos [&hellip;]<\/p>\n","protected":false},"author":2,"featured_media":18656,"comment_status":"open","ping_status":"open","sticky":false,"template":"","format":"standard","meta":{"_seopress_robots_primary_cat":"","_seopress_titles_title":"","_seopress_titles_desc":"","_seopress_robots_index":"","footnotes":""},"categories":[2],"tags":[610,960,313,911],"class_list":["post-18655","post","type-post","status-publish","format-standard","has-post-thumbnail","hentry","category-futbol","tag-buffarini","tag-papa-francisco","tag-san-lorenzo","tag-tinelli"],"_links":{"self":[{"href":"https:\/\/www.cordobatimes.com\/deportes\/wp-json\/wp\/v2\/posts\/18655","targetHints":{"allow":["GET"]}}],"collection":[{"href":"https:\/\/www.cordobatimes.com\/deportes\/wp-json\/wp\/v2\/posts"}],"about":[{"href":"https:\/\/www.cordobatimes.com\/deportes\/wp-json\/wp\/v2\/types\/post"}],"author":[{"embeddable":true,"href":"https:\/\/www.cordobatimes.com\/deportes\/wp-json\/wp\/v2\/users\/2"}],"replies":[{"embeddable":true,"href":"https:\/\/www.cordobatimes.com\/deportes\/wp-json\/wp\/v2\/comments?post=18655"}],"version-history":[{"count":0,"href":"https:\/\/www.cordobatimes.com\/deportes\/wp-json\/wp\/v2\/posts\/18655\/revisions"}],"wp:featuredmedia":[{"embeddable":true,"href":"https:\/\/www.cordobatimes.com\/deportes\/wp-json\/wp\/v2\/media\/18656"}],"wp:attachment":[{"href":"https:\/\/www.cordobatimes.com\/deportes\/wp-json\/wp\/v2\/media?parent=18655"}],"wp:term":[{"taxonomy":"category","embeddable":true,"href":"https:\/\/www.cordobatimes.com\/deportes\/wp-json\/wp\/v2\/categories?post=18655"},{"taxonomy":"post_tag","embeddable":true,"href":"https:\/\/www.cordobatimes.com\/deportes\/wp-json\/wp\/v2\/tags?post=18655"}],"curies":[{"name":"wp","href":"https:\/\/api.w.org\/{rel}","templated":true}]}}