{"id":18621,"date":"2014-08-19T12:22:20","date_gmt":"2014-08-19T15:22:20","guid":{"rendered":"http:\/\/www.cordobatimes.com\/deportes\/?p=18621"},"modified":"2014-08-19T19:56:43","modified_gmt":"2014-08-19T22:56:43","slug":"talleres-ghiso-espera-a-alvarez-para-el-debut","status":"publish","type":"post","link":"https:\/\/www.cordobatimes.com\/deportes\/futbol\/2014\/08\/19\/talleres-ghiso-espera-a-alvarez-para-el-debut\/","title":{"rendered":"Talleres: Ghiso espera a \u00c1lvarez para el debut"},"content":{"rendered":"<p style=\"text-align: center;\"><a href=\"http:\/\/www.cordobatimes.com\/deportes\/wp-content\/uploads\/2014\/08\/Talleres.jpg\"><img loading=\"lazy\" decoding=\"async\" class=\"size-full wp-image-18628 aligncenter\" alt=\"Talleres\" src=\"http:\/\/www.cordobatimes.com\/deportes\/wp-content\/uploads\/2014\/08\/Talleres.jpg\" width=\"970\" height=\"546\" data-id=\"18628\" srcset=\"https:\/\/www.cordobatimes.com\/deportes\/wp-content\/uploads\/2014\/08\/Talleres.jpg 970w, https:\/\/www.cordobatimes.com\/deportes\/wp-content\/uploads\/2014\/08\/Talleres-300x168.jpg 300w\" sizes=\"auto, (max-width: 970px) 100vw, 970px\" \/><\/a><\/p>\n<h3 style=\"text-align: justify;\"><b>El volante del Matador se recupera de una lesi\u00f3n en su tobillo izquierdo y la expectativa es que llegue al debute contra Tiro Federal de Rosario.<\/b><\/h3>\n<p style=\"text-align: justify;\">\n<p style=\"text-align: justify;\">\n<p style=\"text-align: justify;\">Talleres contin\u00faa con los preparativos para el inicio del Torneo Federal A, el domingo a las 11 cuando enfrente a Tiro Federal. Todos en Barrio Jard\u00edn le prenden velas a Favio \u00c1lvarez quien todav\u00eda no se repone de sus dolencias en el tobillo izquierdo. El DT Jorge Ghiso mantienen las esperanzas de que el mediocampista pueda ser de la partida en Rosario, o que al menos este en el banco.<\/p>\n<p style=\"text-align: justify;\">El volante se lesiono en el choque frente a Mitre de Santiago del Estero, y debido a eso el cuerpo t\u00e9cnico decidi\u00f3 preservarlo en los otros amistoso. En el partido ante Belgrano tambi\u00e9n result\u00f3 da\u00f1ado el lateral Lautaro Formica, aunque ya trabaja con normalidad junto a sus compa\u00f1eros.<\/p>\n<p style=\"text-align: justify;\">Si \u00c1lvarez se recupera en la semana, volver\u00e1 al mediocampo albiazul junto a Ezequiel Barrionuevo y Patricio Rodr\u00edguez. Hasta el momento, su lugar es ocupado por Nicol\u00e1s Schenone Paz, quien ocupara el lugar de volante central con Juli\u00e1n Mozzo, haciendo que Agust\u00edn D\u00edaz se adelante algunos metros.<\/p>\n<p style=\"text-align: justify;\">De esta manera, el equipo titular hasta ahora para el debut ser\u00eda: Federico Costa; Rodrigo Ch\u00e1ves o Ivo Ch\u00e1vez, Lucas Bovaglio, Juli\u00e1n Fern\u00e1ndez y Lautaro Formica; Juli\u00e1n Mozzo y Nicolas Schenone o \u00c1lvarez; Ezequiel Barrionuevo, Agust\u00edn D\u00edaz y Patricio Rodr\u00edguez; y Diego Mart\u00ednez.<\/p>\n<p style=\"text-align: justify;\">La \u00faltima inc\u00f3gnita pasa por la recuperaci\u00f3n de Gabriel Carabajal, quien se repone de una lesi\u00f3n de meniscos en la pretemporada llevada a cabo en San Jorge (Santa Fe), y esperan para saber si podr\u00e1 integrar la delegaci\u00f3n que viajar\u00e1 a Rosario.<\/p>\n","protected":false},"excerpt":{"rendered":"<p>El volante del Matador se recupera de una lesi\u00f3n en su tobillo izquierdo y la expectativa es que llegue al debute contra Tiro Federal de Rosario. Talleres contin\u00faa con los preparativos para el inicio del Torneo Federal A, el domingo a las 11 cuando enfrente a Tiro Federal. Todos en Barrio Jard\u00edn le prenden velas [&hellip;]<\/p>\n","protected":false},"author":15,"featured_media":18628,"comment_status":"open","ping_status":"open","sticky":false,"template":"","format":"standard","meta":{"_seopress_robots_primary_cat":"","_seopress_titles_title":"","_seopress_titles_desc":"","_seopress_robots_index":"","footnotes":""},"categories":[2],"tags":[3814,3658,368,40],"class_list":["post-18621","post","type-post","status-publish","format-standard","has-post-thumbnail","hentry","category-futbol","tag-favio-alvarez","tag-federal-a","tag-lesion","tag-talleres"],"_links":{"self":[{"href":"https:\/\/www.cordobatimes.com\/deportes\/wp-json\/wp\/v2\/posts\/18621","targetHints":{"allow":["GET"]}}],"collection":[{"href":"https:\/\/www.cordobatimes.com\/deportes\/wp-json\/wp\/v2\/posts"}],"about":[{"href":"https:\/\/www.cordobatimes.com\/deportes\/wp-json\/wp\/v2\/types\/post"}],"author":[{"embeddable":true,"href":"https:\/\/www.cordobatimes.com\/deportes\/wp-json\/wp\/v2\/users\/15"}],"replies":[{"embeddable":true,"href":"https:\/\/www.cordobatimes.com\/deportes\/wp-json\/wp\/v2\/comments?post=18621"}],"version-history":[{"count":0,"href":"https:\/\/www.cordobatimes.com\/deportes\/wp-json\/wp\/v2\/posts\/18621\/revisions"}],"wp:featuredmedia":[{"embeddable":true,"href":"https:\/\/www.cordobatimes.com\/deportes\/wp-json\/wp\/v2\/media\/18628"}],"wp:attachment":[{"href":"https:\/\/www.cordobatimes.com\/deportes\/wp-json\/wp\/v2\/media?parent=18621"}],"wp:term":[{"taxonomy":"category","embeddable":true,"href":"https:\/\/www.cordobatimes.com\/deportes\/wp-json\/wp\/v2\/categories?post=18621"},{"taxonomy":"post_tag","embeddable":true,"href":"https:\/\/www.cordobatimes.com\/deportes\/wp-json\/wp\/v2\/tags?post=18621"}],"curies":[{"name":"wp","href":"https:\/\/api.w.org\/{rel}","templated":true}]}}