{"id":18598,"date":"2014-08-19T11:20:05","date_gmt":"2014-08-19T14:20:05","guid":{"rendered":"http:\/\/www.cordobatimes.com\/deportes\/?p=18598"},"modified":"2014-08-19T12:18:23","modified_gmt":"2014-08-19T15:18:23","slug":"pekerman-renovo-contrato-con-colombia","status":"publish","type":"post","link":"https:\/\/www.cordobatimes.com\/deportes\/futbol-internacional\/2014\/08\/19\/pekerman-renovo-contrato-con-colombia\/","title":{"rendered":"Pekerman renov\u00f3 contrato con Colombia"},"content":{"rendered":"<h3><strong><a href=\"http:\/\/www.cordobatimes.com\/deportes\/wp-content\/uploads\/2014\/08\/Pekerman.jpg\"><img loading=\"lazy\" decoding=\"async\" class=\"size-full wp-image-18602 aligncenter\" alt=\"Pekerman\" src=\"http:\/\/www.cordobatimes.com\/deportes\/wp-content\/uploads\/2014\/08\/Pekerman.jpg\" width=\"770\" height=\"433\" data-id=\"18602\" srcset=\"https:\/\/www.cordobatimes.com\/deportes\/wp-content\/uploads\/2014\/08\/Pekerman.jpg 770w, https:\/\/www.cordobatimes.com\/deportes\/wp-content\/uploads\/2014\/08\/Pekerman-300x168.jpg 300w\" sizes=\"auto, (max-width: 770px) 100vw, 770px\" \/><\/a><\/strong><\/h3>\n<h3 style=\"text-align: justify;\"><strong>La Federaci\u00f3n del pa\u00eds cafetero inform\u00f3, a trav\u00e9s de un comunicado, que el entrenador argentino se mantendr\u00e1 como Director T\u00e9cnico del seleccionado hasta el Mundial de Rusia 2018.<\/strong><\/h3>\n<p style=\"text-align: justify;\">\n<p style=\"text-align: justify;\">&#8220;El Comit\u00e9 Ejecutivo expresa su orgullo por continuar con este gran grupo humano que trajo grandes resultados al pa\u00eds en la pasada Copa Mundial de la FIFA Brasil 2014 y que buscar\u00e1 continuar promoviendo el desarrollo del f\u00fatbol colombiano&#8221;, expres\u00f3 la misiva firmada por el presidente de la instituci\u00f3n, Luis Bedoya.<\/p>\n<p style=\"text-align: justify;\">Pekerman, junto a su cuerpo t\u00e9cnico y grupo de jugadores, logr\u00f3 el mejor resultado en Copas del Mundo para Colombia, llegando a los cuartos de final del torneo organizado en Brasil, perdiendo justamente ante el combinado local por 2-1 y teniendo muchas chances para clasificar.<\/p>\n","protected":false},"excerpt":{"rendered":"<p>La Federaci\u00f3n del pa\u00eds cafetero inform\u00f3, a trav\u00e9s de un comunicado, que el entrenador argentino se mantendr\u00e1 como Director T\u00e9cnico del seleccionado hasta el Mundial de Rusia 2018. &#8220;El Comit\u00e9 Ejecutivo expresa su orgullo por continuar con este gran grupo humano que trajo grandes resultados al pa\u00eds en la pasada Copa Mundial de la FIFA [&hellip;]<\/p>\n","protected":false},"author":2,"featured_media":18602,"comment_status":"open","ping_status":"open","sticky":false,"template":"","format":"standard","meta":{"_seopress_robots_primary_cat":"","_seopress_titles_title":"","_seopress_titles_desc":"","_seopress_robots_index":"","footnotes":""},"categories":[18],"tags":[462,2910,617],"class_list":["post-18598","post","type-post","status-publish","format-standard","has-post-thumbnail","hentry","category-futbol-internacional","tag-colombia","tag-jose-pekerman","tag-renovacion-de-contrato"],"_links":{"self":[{"href":"https:\/\/www.cordobatimes.com\/deportes\/wp-json\/wp\/v2\/posts\/18598","targetHints":{"allow":["GET"]}}],"collection":[{"href":"https:\/\/www.cordobatimes.com\/deportes\/wp-json\/wp\/v2\/posts"}],"about":[{"href":"https:\/\/www.cordobatimes.com\/deportes\/wp-json\/wp\/v2\/types\/post"}],"author":[{"embeddable":true,"href":"https:\/\/www.cordobatimes.com\/deportes\/wp-json\/wp\/v2\/users\/2"}],"replies":[{"embeddable":true,"href":"https:\/\/www.cordobatimes.com\/deportes\/wp-json\/wp\/v2\/comments?post=18598"}],"version-history":[{"count":0,"href":"https:\/\/www.cordobatimes.com\/deportes\/wp-json\/wp\/v2\/posts\/18598\/revisions"}],"wp:featuredmedia":[{"embeddable":true,"href":"https:\/\/www.cordobatimes.com\/deportes\/wp-json\/wp\/v2\/media\/18602"}],"wp:attachment":[{"href":"https:\/\/www.cordobatimes.com\/deportes\/wp-json\/wp\/v2\/media?parent=18598"}],"wp:term":[{"taxonomy":"category","embeddable":true,"href":"https:\/\/www.cordobatimes.com\/deportes\/wp-json\/wp\/v2\/categories?post=18598"},{"taxonomy":"post_tag","embeddable":true,"href":"https:\/\/www.cordobatimes.com\/deportes\/wp-json\/wp\/v2\/tags?post=18598"}],"curies":[{"name":"wp","href":"https:\/\/api.w.org\/{rel}","templated":true}]}}