{"id":18588,"date":"2014-08-19T01:07:30","date_gmt":"2014-08-19T04:07:30","guid":{"rendered":"http:\/\/www.cordobatimes.com\/deportes\/?p=18588"},"modified":"2014-08-19T10:31:37","modified_gmt":"2014-08-19T13:31:37","slug":"boxeo-maidana-y-mayweather-realizaron-el-pesaje-previo-al-choque-del-13-de-septiembre","status":"publish","type":"post","link":"https:\/\/www.cordobatimes.com\/deportes\/boxeo\/2014\/08\/19\/boxeo-maidana-y-mayweather-realizaron-el-pesaje-previo-al-choque-del-13-de-septiembre\/","title":{"rendered":"Maidana y Mayweather realizaron el pesaje previo al choque del 13 de septiembre"},"content":{"rendered":"<p style=\"text-align: center;\"><a href=\"http:\/\/www.cordobatimes.com\/deportes\/wp-content\/uploads\/2014\/08\/Maidana.jpg\"><img loading=\"lazy\" decoding=\"async\" class=\"size-full wp-image-18589 aligncenter\" alt=\"Maidana\" src=\"http:\/\/www.cordobatimes.com\/deportes\/wp-content\/uploads\/2014\/08\/Maidana.jpg\" width=\"660\" height=\"479\" data-id=\"18589\" srcset=\"https:\/\/www.cordobatimes.com\/deportes\/wp-content\/uploads\/2014\/08\/Maidana.jpg 660w, https:\/\/www.cordobatimes.com\/deportes\/wp-content\/uploads\/2014\/08\/Maidana-300x217.jpg 300w\" sizes=\"auto, (max-width: 660px) 100vw, 660px\" \/><\/a><\/p>\n<h3 style=\"text-align: justify;\"><b>El \u201cChino\u201d y \u201cMoney\u201d llevaron a cabo hoy el pesaje anterior al combate v\u00e1lido por el t\u00edtulo mundial a disputarse el 13 de septiembre en Las Vegas.<\/b><\/h3>\n<p style=\"text-align: justify;\">\n<p style=\"text-align: justify;\">Marcos Maidana y Floyd Mayweather realizaron hoy el pre pesaje de los 30 d\u00edas previos de la pelea por los t\u00edtulos de campe\u00f3n welters de la AMB, y superwelter de la CMB, que se realizara el 13 del mes pr\u00f3ximo en el MGM Grand Arena de Las Vegas.<\/p>\n<p style=\"text-align: justify;\">El p\u00fagil argentino registr\u00f3 158 libras (71,667 kilos), mientras que el estadounidense pes\u00f3 150 libras (68,050). Para el combate ninguno de los boxeadores podr\u00e1 superar el l\u00edmite de la divisional superwelter, que es de 154 libras (69, 853 kgs).<\/p>\n<p style=\"text-align: justify;\">Maidana, junto a su equipo de colaboradores, contin\u00faa con su entrenamiento en la localidad californiana de Oxnard bajo las \u00f3rdenes del entrenador local Robert Garc\u00eda<\/p>\n","protected":false},"excerpt":{"rendered":"<p>El \u201cChino\u201d y \u201cMoney\u201d llevaron a cabo hoy el pesaje anterior al combate v\u00e1lido por el t\u00edtulo mundial a disputarse el 13 de septiembre en Las Vegas. Marcos Maidana y Floyd Mayweather realizaron hoy el pre pesaje de los 30 d\u00edas previos de la pelea por los t\u00edtulos de campe\u00f3n welters de la AMB, y [&hellip;]<\/p>\n","protected":false},"author":15,"featured_media":18589,"comment_status":"open","ping_status":"open","sticky":false,"template":"","format":"standard","meta":{"_seopress_robots_primary_cat":"","_seopress_titles_title":"","_seopress_titles_desc":"","_seopress_robots_index":"","footnotes":""},"categories":[7],"tags":[495,493,2110,1342,1227,2721],"class_list":["post-18588","post","type-post","status-publish","format-standard","has-post-thumbnail","hentry","category-boxeo","tag-cmb","tag-floyd-mayweather","tag-las-vegas","tag-maidana","tag-omb","tag-titulo-mundial"],"_links":{"self":[{"href":"https:\/\/www.cordobatimes.com\/deportes\/wp-json\/wp\/v2\/posts\/18588","targetHints":{"allow":["GET"]}}],"collection":[{"href":"https:\/\/www.cordobatimes.com\/deportes\/wp-json\/wp\/v2\/posts"}],"about":[{"href":"https:\/\/www.cordobatimes.com\/deportes\/wp-json\/wp\/v2\/types\/post"}],"author":[{"embeddable":true,"href":"https:\/\/www.cordobatimes.com\/deportes\/wp-json\/wp\/v2\/users\/15"}],"replies":[{"embeddable":true,"href":"https:\/\/www.cordobatimes.com\/deportes\/wp-json\/wp\/v2\/comments?post=18588"}],"version-history":[{"count":0,"href":"https:\/\/www.cordobatimes.com\/deportes\/wp-json\/wp\/v2\/posts\/18588\/revisions"}],"wp:featuredmedia":[{"embeddable":true,"href":"https:\/\/www.cordobatimes.com\/deportes\/wp-json\/wp\/v2\/media\/18589"}],"wp:attachment":[{"href":"https:\/\/www.cordobatimes.com\/deportes\/wp-json\/wp\/v2\/media?parent=18588"}],"wp:term":[{"taxonomy":"category","embeddable":true,"href":"https:\/\/www.cordobatimes.com\/deportes\/wp-json\/wp\/v2\/categories?post=18588"},{"taxonomy":"post_tag","embeddable":true,"href":"https:\/\/www.cordobatimes.com\/deportes\/wp-json\/wp\/v2\/tags?post=18588"}],"curies":[{"name":"wp","href":"https:\/\/api.w.org\/{rel}","templated":true}]}}