{"id":18427,"date":"2014-08-15T18:27:06","date_gmt":"2014-08-15T21:27:06","guid":{"rendered":"http:\/\/www.cordobatimes.com\/deportes\/?p=18427"},"modified":"2014-08-15T19:34:23","modified_gmt":"2014-08-15T22:34:23","slug":"futbol-internacional-antonio-conte-es-el-nuevo-tecnico-de-la-seleccion-italiana","status":"publish","type":"post","link":"https:\/\/www.cordobatimes.com\/deportes\/futbol-internacional\/2014\/08\/15\/futbol-internacional-antonio-conte-es-el-nuevo-tecnico-de-la-seleccion-italiana\/","title":{"rendered":"Antonio Conte es el nuevo t\u00e9cnico de la Selecci\u00f3n italiana"},"content":{"rendered":"<p style=\"text-align: center;\"><a href=\"http:\/\/www.cordobatimes.com\/deportes\/wp-content\/uploads\/2014\/08\/Conte.jpg\"><img loading=\"lazy\" decoding=\"async\" class=\"size-full wp-image-18428 aligncenter\" alt=\"Conte\" src=\"http:\/\/www.cordobatimes.com\/deportes\/wp-content\/uploads\/2014\/08\/Conte.jpg\" width=\"620\" height=\"465\" data-id=\"18428\" srcset=\"https:\/\/www.cordobatimes.com\/deportes\/wp-content\/uploads\/2014\/08\/Conte.jpg 620w, https:\/\/www.cordobatimes.com\/deportes\/wp-content\/uploads\/2014\/08\/Conte-300x225.jpg 300w\" sizes=\"auto, (max-width: 620px) 100vw, 620px\" \/><\/a><\/p>\n<h3 style=\"text-align: justify;\"><b>El ex entrenador de la Juventus fue elegido por la Federaci\u00f3n de Italia y ser\u00e1 el encargado de suceder a Cesare Prandelli.<\/b><\/h3>\n<p>&nbsp;<\/p>\n<p style=\"text-align: justify;\">Antonio Conte se transform\u00f3 en el nuevo director t\u00e9cnico del seleccionado italiano de f\u00fatbol luego de la asunci\u00f3n de Carlo Tavecchio como nuevo presidente de la Federaci\u00f3n. La m\u00e1xima entidad del f\u00fatbol \u201cazurro\u201d lo anunci\u00f3 mediante un comunicado oficial, donde tambi\u00e9n afirmaba que el DT no dudo ni un momento hacerse cargo del equipo.<\/p>\n<p style=\"text-align: justify;\">Conte, campe\u00f3n con la \u201cvecchia signora\u201d en la pasada temporada, ocupara el lugar de Cesare Prandelli, quien renunci\u00f3 luego de la eliminaci\u00f3n en primera ronda del Mundial de Brasil 2014. El DT ser\u00e1 presentado el pr\u00f3ximo martes en la sede de la Federaci\u00f3n Italiana de F\u00fatbol, ubicada en la ciudad de Roma.<\/p>\n<p style=\"text-align: justify;\">El entrenador de 45 a\u00f1os, nacido en Lecce, fue jugador del equipo de su ciudad y de la Juventud de Tur\u00edn.\u00a0 En cuando a la direcci\u00f3n t\u00e9cnica, trabajo en Arezzo, Bari, Atalanta, Sienta y Juventus.<\/p>\n","protected":false},"excerpt":{"rendered":"<p>El ex entrenador de la Juventus fue elegido por la Federaci\u00f3n de Italia y ser\u00e1 el encargado de suceder a Cesare Prandelli. &nbsp; Antonio Conte se transform\u00f3 en el nuevo director t\u00e9cnico del seleccionado italiano de f\u00fatbol luego de la asunci\u00f3n de Carlo Tavecchio como nuevo presidente de la Federaci\u00f3n. La m\u00e1xima entidad del f\u00fatbol [&hellip;]<\/p>\n","protected":false},"author":15,"featured_media":18428,"comment_status":"open","ping_status":"open","sticky":false,"template":"","format":"standard","meta":{"_seopress_robots_primary_cat":"","_seopress_titles_title":"","_seopress_titles_desc":"","_seopress_robots_index":"","footnotes":""},"categories":[18],"tags":[3783,498,192,3784],"class_list":["post-18427","post","type-post","status-publish","format-standard","has-post-thumbnail","hentry","category-futbol-internacional","tag-antonio-conte","tag-futbol-internacional-2","tag-juventus","tag-seleccion-italiana-de-futbol"],"_links":{"self":[{"href":"https:\/\/www.cordobatimes.com\/deportes\/wp-json\/wp\/v2\/posts\/18427","targetHints":{"allow":["GET"]}}],"collection":[{"href":"https:\/\/www.cordobatimes.com\/deportes\/wp-json\/wp\/v2\/posts"}],"about":[{"href":"https:\/\/www.cordobatimes.com\/deportes\/wp-json\/wp\/v2\/types\/post"}],"author":[{"embeddable":true,"href":"https:\/\/www.cordobatimes.com\/deportes\/wp-json\/wp\/v2\/users\/15"}],"replies":[{"embeddable":true,"href":"https:\/\/www.cordobatimes.com\/deportes\/wp-json\/wp\/v2\/comments?post=18427"}],"version-history":[{"count":0,"href":"https:\/\/www.cordobatimes.com\/deportes\/wp-json\/wp\/v2\/posts\/18427\/revisions"}],"wp:featuredmedia":[{"embeddable":true,"href":"https:\/\/www.cordobatimes.com\/deportes\/wp-json\/wp\/v2\/media\/18428"}],"wp:attachment":[{"href":"https:\/\/www.cordobatimes.com\/deportes\/wp-json\/wp\/v2\/media?parent=18427"}],"wp:term":[{"taxonomy":"category","embeddable":true,"href":"https:\/\/www.cordobatimes.com\/deportes\/wp-json\/wp\/v2\/categories?post=18427"},{"taxonomy":"post_tag","embeddable":true,"href":"https:\/\/www.cordobatimes.com\/deportes\/wp-json\/wp\/v2\/tags?post=18427"}],"curies":[{"name":"wp","href":"https:\/\/api.w.org\/{rel}","templated":true}]}}