{"id":18421,"date":"2014-08-15T17:56:18","date_gmt":"2014-08-15T20:56:18","guid":{"rendered":"http:\/\/www.cordobatimes.com\/deportes\/?p=18421"},"modified":"2014-08-15T17:56:18","modified_gmt":"2014-08-15T20:56:18","slug":"riquelme-no-jugara-en-cordoba","status":"publish","type":"post","link":"https:\/\/www.cordobatimes.com\/deportes\/futbol\/2014\/08\/15\/riquelme-no-jugara-en-cordoba\/","title":{"rendered":"Riquelme no jugar\u00e1 en C\u00f3rdoba"},"content":{"rendered":"<p style=\"text-align: center;\"><a href=\"http:\/\/www.cordobatimes.com\/deportes\/wp-content\/uploads\/2014\/08\/Riquelme.jpg\"><img loading=\"lazy\" decoding=\"async\" class=\"size-full wp-image-18422 aligncenter\" alt=\"Riquelme\" src=\"http:\/\/www.cordobatimes.com\/deportes\/wp-content\/uploads\/2014\/08\/Riquelme.jpg\" width=\"590\" height=\"441\" data-id=\"18422\" srcset=\"https:\/\/www.cordobatimes.com\/deportes\/wp-content\/uploads\/2014\/08\/Riquelme.jpg 590w, https:\/\/www.cordobatimes.com\/deportes\/wp-content\/uploads\/2014\/08\/Riquelme-300x224.jpg 300w\" sizes=\"auto, (max-width: 590px) 100vw, 590px\" \/><\/a><\/p>\n<h3 style=\"text-align: justify;\"><b>El enganche sufre una molestia en su pie izquierdo y no form\u00f3 parte de la delegaci\u00f3n que viaj\u00f3 hacia la provincia para el choque ante Instituto. Se juega ma\u00f1ana desde las 18.15 en Alta C\u00f3rdoba.<\/b><\/h3>\n<p style=\"text-align: justify;\">\n<p style=\"text-align: justify;\">\n<p style=\"text-align: justify;\">Luego de varias versiones, esta tarde se confirm\u00f3 que Juan Rom\u00e1n Riquelme no llegar\u00e1 a C\u00f3rdoba para el choque frente a la Gloria. El \u201c10\u201d tiene un dolor en su pie izquierdo y ser\u00e1 preservado para el partido ante Gimnasia de Jujuy en la Paternal. Ambos conjuntos forman parte de la Zona 1 del Torneo de Transici\u00f3n de la Primera B Nacional.<\/p>\n<p style=\"text-align: justify;\">As\u00ed, el plantel del Bicho emprendi\u00f3 viajo con 18 jugadores, entre los que se encuentran el delantero\u00a0 Gonzalo Castillejos, ya recuperado de su lesi\u00f3n en el codo. Otro que dir\u00e1 presente es Mart\u00edn Zapata, procedente de Independiente, ex \u2013 jugador del albirrojo entre 2009-2011.<\/p>\n<p style=\"text-align: justify;\">En la siguiente fecha la Gloria visitara a San Mart\u00edn de San Juan con d\u00eda y horario a confirmar. Recordemos que el conjunto de Alta C\u00f3rdoba viene de igualar sin goles ante Col\u00f3n en Santa Fe, y buscar\u00e1 hacerse fuerte de local para conseguir una de las diez plazas a la Primera Divisi\u00f3n.<\/p>\n","protected":false},"excerpt":{"rendered":"<p>El enganche sufre una molestia en su pie izquierdo y no form\u00f3 parte de la delegaci\u00f3n que viaj\u00f3 hacia la provincia para el choque ante Instituto. Se juega ma\u00f1ana desde las 18.15 en Alta C\u00f3rdoba. Luego de varias versiones, esta tarde se confirm\u00f3 que Juan Rom\u00e1n Riquelme no llegar\u00e1 a C\u00f3rdoba para el choque frente [&hellip;]<\/p>\n","protected":false},"author":15,"featured_media":18422,"comment_status":"open","ping_status":"open","sticky":false,"template":"","format":"standard","meta":{"_seopress_robots_primary_cat":"","_seopress_titles_title":"","_seopress_titles_desc":"","_seopress_robots_index":"","footnotes":""},"categories":[2,17],"tags":[559,852,349,35,1942],"class_list":["post-18421","post","type-post","status-publish","format-standard","has-post-thumbnail","hentry","category-futbol","category-nacional-b","tag-alta-cordoba","tag-argentinos-juniors","tag-ascenso","tag-instituto","tag-juan-roman-riquelme"],"_links":{"self":[{"href":"https:\/\/www.cordobatimes.com\/deportes\/wp-json\/wp\/v2\/posts\/18421","targetHints":{"allow":["GET"]}}],"collection":[{"href":"https:\/\/www.cordobatimes.com\/deportes\/wp-json\/wp\/v2\/posts"}],"about":[{"href":"https:\/\/www.cordobatimes.com\/deportes\/wp-json\/wp\/v2\/types\/post"}],"author":[{"embeddable":true,"href":"https:\/\/www.cordobatimes.com\/deportes\/wp-json\/wp\/v2\/users\/15"}],"replies":[{"embeddable":true,"href":"https:\/\/www.cordobatimes.com\/deportes\/wp-json\/wp\/v2\/comments?post=18421"}],"version-history":[{"count":0,"href":"https:\/\/www.cordobatimes.com\/deportes\/wp-json\/wp\/v2\/posts\/18421\/revisions"}],"wp:featuredmedia":[{"embeddable":true,"href":"https:\/\/www.cordobatimes.com\/deportes\/wp-json\/wp\/v2\/media\/18422"}],"wp:attachment":[{"href":"https:\/\/www.cordobatimes.com\/deportes\/wp-json\/wp\/v2\/media?parent=18421"}],"wp:term":[{"taxonomy":"category","embeddable":true,"href":"https:\/\/www.cordobatimes.com\/deportes\/wp-json\/wp\/v2\/categories?post=18421"},{"taxonomy":"post_tag","embeddable":true,"href":"https:\/\/www.cordobatimes.com\/deportes\/wp-json\/wp\/v2\/tags?post=18421"}],"curies":[{"name":"wp","href":"https:\/\/api.w.org\/{rel}","templated":true}]}}