{"id":18403,"date":"2014-08-15T10:45:43","date_gmt":"2014-08-15T13:45:43","guid":{"rendered":"http:\/\/www.cordobatimes.com\/deportes\/?p=18403"},"modified":"2014-08-15T11:02:52","modified_gmt":"2014-08-15T14:02:52","slug":"kun-aguero-extendio-su-contrato-con-manchester-city","status":"publish","type":"post","link":"https:\/\/www.cordobatimes.com\/deportes\/futbol-internacional\/2014\/08\/15\/kun-aguero-extendio-su-contrato-con-manchester-city\/","title":{"rendered":"Kun Ag\u00fcero extendi\u00f3 su contrato con Manchester City"},"content":{"rendered":"<h3 style=\"text-align: justify;\"><strong><a href=\"http:\/\/www.cordobatimes.com\/deportes\/wp-content\/uploads\/2014\/08\/Aguero.jpg\"><img loading=\"lazy\" decoding=\"async\" class=\"size-full wp-image-18404 aligncenter\" alt=\"\" src=\"http:\/\/www.cordobatimes.com\/deportes\/wp-content\/uploads\/2014\/08\/Aguero.jpg\" width=\"988\" height=\"556\" data-id=\"18404\" srcset=\"https:\/\/www.cordobatimes.com\/deportes\/wp-content\/uploads\/2014\/08\/Aguero.jpg 988w, https:\/\/www.cordobatimes.com\/deportes\/wp-content\/uploads\/2014\/08\/Aguero-300x168.jpg 300w\" sizes=\"auto, (max-width: 988px) 100vw, 988px\" \/><\/a>El ex Independiente firm\u00f3 un v\u00ednculo por cinco temporadas, por lo cual formar\u00e1 parte de los Citizens hasta 2019. Declar\u00f3 que quiere ganar m\u00e1s t\u00edtulos con la instituci\u00f3n.<\/strong><\/h3>\n<p style=\"text-align: justify;\">\n<p style=\"text-align: justify;\">Tras el acuerdo, Sergio Ag\u00fcero se explay\u00f3 en la p\u00e1gina web de la entidad campeona en la \u00faltima temporada de la Premier League:\u00a0&#8220;Quer\u00eda quedarme aqu\u00ed por la visi\u00f3n de futuro y el rumbo que tenemos, para ganar trofeos y seguir haciendo historia en mis mejores a\u00f1os&#8221;.<\/p>\n<p style=\"text-align: justify;\">Luego a\u00f1adi\u00f3: &#8220;Desde que llegu\u00e9 siempre ha habido rumores de que volver\u00eda a Espa\u00f1a. Siempre ha habido muchas especulaciones, pero nunca he prestado atenci\u00f3n a lo que se hablaba. La gente escucha eso y se lo toma en serio, pero los aficionados del City pueden estar tranquilos, estar\u00e9 aqu\u00ed hasta el final de mi contrato&#8221;.<\/p>\n<p style=\"text-align: justify;\">A su vez, el jugador de 26 a\u00f1os, autor de 75 goles en 122 partidos desde que viste la camiseta de los ciudadanos, enfatiz\u00f3 que su objetivo personal ser\u00e1 mejorar y &#8220;ser mejor que el a\u00f1o anterior&#8221;. A su vez, dijo que buscar\u00e1 nuevos t\u00edtulos en el equipo.<\/p>\n","protected":false},"excerpt":{"rendered":"<p>El ex Independiente firm\u00f3 un v\u00ednculo por cinco temporadas, por lo cual formar\u00e1 parte de los Citizens hasta 2019. Declar\u00f3 que quiere ganar m\u00e1s t\u00edtulos con la instituci\u00f3n. Tras el acuerdo, Sergio Ag\u00fcero se explay\u00f3 en la p\u00e1gina web de la entidad campeona en la \u00faltima temporada de la Premier League:\u00a0&#8220;Quer\u00eda quedarme aqu\u00ed por la [&hellip;]<\/p>\n","protected":false},"author":2,"featured_media":18404,"comment_status":"open","ping_status":"open","sticky":false,"template":"","format":"standard","meta":{"_seopress_robots_primary_cat":"","_seopress_titles_title":"","_seopress_titles_desc":"","_seopress_robots_index":"","footnotes":""},"categories":[18],"tags":[404,153,268],"class_list":["post-18403","post","type-post","status-publish","format-standard","has-post-thumbnail","hentry","category-futbol-internacional","tag-kun-aguero","tag-manchester-city","tag-premier-league"],"_links":{"self":[{"href":"https:\/\/www.cordobatimes.com\/deportes\/wp-json\/wp\/v2\/posts\/18403","targetHints":{"allow":["GET"]}}],"collection":[{"href":"https:\/\/www.cordobatimes.com\/deportes\/wp-json\/wp\/v2\/posts"}],"about":[{"href":"https:\/\/www.cordobatimes.com\/deportes\/wp-json\/wp\/v2\/types\/post"}],"author":[{"embeddable":true,"href":"https:\/\/www.cordobatimes.com\/deportes\/wp-json\/wp\/v2\/users\/2"}],"replies":[{"embeddable":true,"href":"https:\/\/www.cordobatimes.com\/deportes\/wp-json\/wp\/v2\/comments?post=18403"}],"version-history":[{"count":0,"href":"https:\/\/www.cordobatimes.com\/deportes\/wp-json\/wp\/v2\/posts\/18403\/revisions"}],"wp:featuredmedia":[{"embeddable":true,"href":"https:\/\/www.cordobatimes.com\/deportes\/wp-json\/wp\/v2\/media\/18404"}],"wp:attachment":[{"href":"https:\/\/www.cordobatimes.com\/deportes\/wp-json\/wp\/v2\/media?parent=18403"}],"wp:term":[{"taxonomy":"category","embeddable":true,"href":"https:\/\/www.cordobatimes.com\/deportes\/wp-json\/wp\/v2\/categories?post=18403"},{"taxonomy":"post_tag","embeddable":true,"href":"https:\/\/www.cordobatimes.com\/deportes\/wp-json\/wp\/v2\/tags?post=18403"}],"curies":[{"name":"wp","href":"https:\/\/api.w.org\/{rel}","templated":true}]}}