{"id":18400,"date":"2014-08-15T10:39:03","date_gmt":"2014-08-15T13:39:03","guid":{"rendered":"http:\/\/www.cordobatimes.com\/deportes\/?p=18400"},"modified":"2014-08-15T10:39:03","modified_gmt":"2014-08-15T13:39:03","slug":"luis-suarez-entreno-por-primera-vez-con-sus-companeros-del-barcelona","status":"publish","type":"post","link":"https:\/\/www.cordobatimes.com\/deportes\/futbol-internacional\/2014\/08\/15\/luis-suarez-entreno-por-primera-vez-con-sus-companeros-del-barcelona\/","title":{"rendered":"Luis Su\u00e1rez entren\u00f3 por primera vez con sus compa\u00f1eros del Barcelona"},"content":{"rendered":"<h3><strong><a href=\"http:\/\/www.cordobatimes.com\/deportes\/wp-content\/uploads\/2014\/08\/Su\u00e1rez.jpg\"><img loading=\"lazy\" decoding=\"async\" class=\"size-full wp-image-18401 aligncenter\" alt=\"Su\u00e1rez\" src=\"http:\/\/www.cordobatimes.com\/deportes\/wp-content\/uploads\/2014\/08\/Su\u00e1rez.jpg\" width=\"1000\" height=\"560\" data-id=\"18401\" srcset=\"https:\/\/www.cordobatimes.com\/deportes\/wp-content\/uploads\/2014\/08\/Su\u00e1rez.jpg 1000w, https:\/\/www.cordobatimes.com\/deportes\/wp-content\/uploads\/2014\/08\/Su\u00e1rez-300x168.jpg 300w\" sizes=\"auto, (max-width: 1000px) 100vw, 1000px\" \/><\/a><\/strong><\/h3>\n<h3 style=\"text-align: justify;\"><strong>El delantero uruguayo podr\u00e1, hasta tanto cumpla los cuatro meses de sanci\u00f3n ratificados por la FIFA, formar parte del plantel dirigido por Luis Enrique. Pese al recurso de amparo presentado por el jugador, la pena deber\u00e1 cumplirse en su totalidad.<\/strong><\/h3>\n<p style=\"text-align: justify;\">\n<p style=\"text-align: justify;\">Hab\u00eda esperanza. Al menos as\u00ed se mostraban los protagonistas. Tanto Su\u00e1rez como el FC Barcelona confiaban en que el Tribunal Superior de Arbitraje Deportivo (TAS) decida reducir el castigo impuesto tras el mordisc\u00f3n a Chiellini, en el Uruguay-Italia desarrollado en Brasil 2014. Adem\u00e1s de 9 partidos afuera de las canchas con su selecci\u00f3n, inclu\u00eda cuatro meses de prohibici\u00f3n a realizar actividad deportiva profesional y, como si esto fuera poco, la imposibilidad de entrenar en el club que se encuentre.<\/p>\n<p style=\"text-align: justify;\">Finalmente, tras la determinaci\u00f3n del ente, el ex Liverpool podr\u00e1 formar parte de las pr\u00e1cticas de su nuevo equipo pero deber\u00e1 esperar el tiempo impuesto para jugar de manera oficial.<\/p>\n<p style=\"text-align: justify;\">Tras su primer entrenamiento con el plantel, el flamante refuerzo de la entidad blaugrana declar\u00f3: &#8220;Hay que pensar en el futuro, que es estar en el FC Barcelona, el club donde hab\u00eda so\u00f1ado jugar&#8221;.<\/p>\n","protected":false},"excerpt":{"rendered":"<p>El delantero uruguayo podr\u00e1, hasta tanto cumpla los cuatro meses de sanci\u00f3n ratificados por la FIFA, formar parte del plantel dirigido por Luis Enrique. Pese al recurso de amparo presentado por el jugador, la pena deber\u00e1 cumplirse en su totalidad. Hab\u00eda esperanza. Al menos as\u00ed se mostraban los protagonistas. Tanto Su\u00e1rez como el FC Barcelona [&hellip;]<\/p>\n","protected":false},"author":2,"featured_media":18401,"comment_status":"open","ping_status":"open","sticky":false,"template":"","format":"standard","meta":{"_seopress_robots_primary_cat":"","_seopress_titles_title":"","_seopress_titles_desc":"","_seopress_robots_index":"","footnotes":""},"categories":[18],"tags":[67,2326,3778,316],"class_list":["post-18400","post","type-post","status-publish","format-standard","has-post-thumbnail","hentry","category-futbol-internacional","tag-barcelona","tag-luis-suarez","tag-tas","tag-uruguay"],"_links":{"self":[{"href":"https:\/\/www.cordobatimes.com\/deportes\/wp-json\/wp\/v2\/posts\/18400","targetHints":{"allow":["GET"]}}],"collection":[{"href":"https:\/\/www.cordobatimes.com\/deportes\/wp-json\/wp\/v2\/posts"}],"about":[{"href":"https:\/\/www.cordobatimes.com\/deportes\/wp-json\/wp\/v2\/types\/post"}],"author":[{"embeddable":true,"href":"https:\/\/www.cordobatimes.com\/deportes\/wp-json\/wp\/v2\/users\/2"}],"replies":[{"embeddable":true,"href":"https:\/\/www.cordobatimes.com\/deportes\/wp-json\/wp\/v2\/comments?post=18400"}],"version-history":[{"count":0,"href":"https:\/\/www.cordobatimes.com\/deportes\/wp-json\/wp\/v2\/posts\/18400\/revisions"}],"wp:featuredmedia":[{"embeddable":true,"href":"https:\/\/www.cordobatimes.com\/deportes\/wp-json\/wp\/v2\/media\/18401"}],"wp:attachment":[{"href":"https:\/\/www.cordobatimes.com\/deportes\/wp-json\/wp\/v2\/media?parent=18400"}],"wp:term":[{"taxonomy":"category","embeddable":true,"href":"https:\/\/www.cordobatimes.com\/deportes\/wp-json\/wp\/v2\/categories?post=18400"},{"taxonomy":"post_tag","embeddable":true,"href":"https:\/\/www.cordobatimes.com\/deportes\/wp-json\/wp\/v2\/tags?post=18400"}],"curies":[{"name":"wp","href":"https:\/\/api.w.org\/{rel}","templated":true}]}}