{"id":18350,"date":"2014-08-13T11:14:43","date_gmt":"2014-08-13T14:14:43","guid":{"rendered":"http:\/\/www.cordobatimes.com\/deportes\/?p=18350"},"modified":"2014-08-13T11:14:43","modified_gmt":"2014-08-13T14:14:43","slug":"facundo-campazzo-firmo-su-contrato-con-real-madrid","status":"publish","type":"post","link":"https:\/\/www.cordobatimes.com\/deportes\/basquet\/2014\/08\/13\/facundo-campazzo-firmo-su-contrato-con-real-madrid\/","title":{"rendered":"Facundo Campazzo firm\u00f3 su contrato con Real Madrid"},"content":{"rendered":"<h3><strong><a href=\"http:\/\/www.cordobatimes.com\/deportes\/wp-content\/uploads\/2014\/08\/Campazzo.jpg\"><img loading=\"lazy\" decoding=\"async\" class=\"size-full wp-image-18351 aligncenter\" alt=\"Campazzo\" src=\"http:\/\/www.cordobatimes.com\/deportes\/wp-content\/uploads\/2014\/08\/Campazzo.jpg\" width=\"576\" height=\"324\" data-id=\"18351\" srcset=\"https:\/\/www.cordobatimes.com\/deportes\/wp-content\/uploads\/2014\/08\/Campazzo.jpg 576w, https:\/\/www.cordobatimes.com\/deportes\/wp-content\/uploads\/2014\/08\/Campazzo-300x168.jpg 300w\" sizes=\"auto, (max-width: 576px) 100vw, 576px\" \/><\/a><\/strong><\/h3>\n<h3 style=\"text-align: justify;\"><strong>El base argentino, ex jugador de Pe\u00f1arol de Mar del Plata, sell\u00f3 su v\u00ednculo con la instituci\u00f3n Merengue y se sumar\u00e1 a los entrenamientos luego del Mundial a jugarse en Espa\u00f1a. Ser\u00e1 compa\u00f1ero del Chapu Andr\u00e9s Nocioni.<\/strong><\/h3>\n<p style=\"text-align: justify;\">\n<p style=\"text-align: justify;\">La informaci\u00f3n fue confirmada en las \u00faltimas horas por el representante del jugador, Claudio Villanueva. Campazzo viene de ser campe\u00f3n durante el \u00faltimo torneo de Liga Nacional junto al conjunto marplatense y su labor fue de las m\u00e1s destacadas del plantel.<\/p>\n<p style=\"text-align: justify;\">Los n\u00fameros del base en la reciente campa\u00f1a fueron de\u00a016.3 puntos, 5.9 asistencias y 4.1 rebotes. Con sus 23 a\u00f1os y\u00a01.78 metros dar\u00e1 el gran salto de su carrera rumbo a un equipo que pelea en los primeros planos del basquet europeo.<\/p>\n","protected":false},"excerpt":{"rendered":"<p>El base argentino, ex jugador de Pe\u00f1arol de Mar del Plata, sell\u00f3 su v\u00ednculo con la instituci\u00f3n Merengue y se sumar\u00e1 a los entrenamientos luego del Mundial a jugarse en Espa\u00f1a. Ser\u00e1 compa\u00f1ero del Chapu Andr\u00e9s Nocioni. La informaci\u00f3n fue confirmada en las \u00faltimas horas por el representante del jugador, Claudio Villanueva. Campazzo viene de [&hellip;]<\/p>\n","protected":false},"author":2,"featured_media":18351,"comment_status":"open","ping_status":"open","sticky":false,"template":"","format":"standard","meta":{"_seopress_robots_primary_cat":"","_seopress_titles_title":"","_seopress_titles_desc":"","_seopress_robots_index":"","footnotes":""},"categories":[3],"tags":[301,70],"class_list":{"0":"post-18350","1":"post","2":"type-post","3":"status-publish","4":"format-standard","5":"has-post-thumbnail","6":"hentry","7":"category-basquet","9":"tag-real-madrid"},"_links":{"self":[{"href":"https:\/\/www.cordobatimes.com\/deportes\/wp-json\/wp\/v2\/posts\/18350","targetHints":{"allow":["GET"]}}],"collection":[{"href":"https:\/\/www.cordobatimes.com\/deportes\/wp-json\/wp\/v2\/posts"}],"about":[{"href":"https:\/\/www.cordobatimes.com\/deportes\/wp-json\/wp\/v2\/types\/post"}],"author":[{"embeddable":true,"href":"https:\/\/www.cordobatimes.com\/deportes\/wp-json\/wp\/v2\/users\/2"}],"replies":[{"embeddable":true,"href":"https:\/\/www.cordobatimes.com\/deportes\/wp-json\/wp\/v2\/comments?post=18350"}],"version-history":[{"count":0,"href":"https:\/\/www.cordobatimes.com\/deportes\/wp-json\/wp\/v2\/posts\/18350\/revisions"}],"wp:featuredmedia":[{"embeddable":true,"href":"https:\/\/www.cordobatimes.com\/deportes\/wp-json\/wp\/v2\/media\/18351"}],"wp:attachment":[{"href":"https:\/\/www.cordobatimes.com\/deportes\/wp-json\/wp\/v2\/media?parent=18350"}],"wp:term":[{"taxonomy":"category","embeddable":true,"href":"https:\/\/www.cordobatimes.com\/deportes\/wp-json\/wp\/v2\/categories?post=18350"},{"taxonomy":"post_tag","embeddable":true,"href":"https:\/\/www.cordobatimes.com\/deportes\/wp-json\/wp\/v2\/tags?post=18350"}],"curies":[{"name":"wp","href":"https:\/\/api.w.org\/{rel}","templated":true}]}}