{"id":18316,"date":"2014-08-12T11:00:56","date_gmt":"2014-08-12T14:00:56","guid":{"rendered":"http:\/\/www.cordobatimes.com\/deportes\/?p=18316"},"modified":"2014-08-12T11:56:29","modified_gmt":"2014-08-12T14:56:29","slug":"belgrano-problemas-para-volar-a-buenos-aires","status":"publish","type":"post","link":"https:\/\/www.cordobatimes.com\/deportes\/futbol\/2014\/08\/12\/belgrano-problemas-para-volar-a-buenos-aires\/","title":{"rendered":"Belgrano: problemas para volar a Buenos Aires"},"content":{"rendered":"<p style=\"text-align: center;\"><a href=\"http:\/\/www.cordobatimes.com\/deportes\/wp-content\/uploads\/2014\/08\/Belgrano.gif\"><img loading=\"lazy\" decoding=\"async\" class=\"size-full wp-image-18317 aligncenter\" alt=\"Belgrano\" src=\"http:\/\/www.cordobatimes.com\/deportes\/wp-content\/uploads\/2014\/08\/Belgrano.gif\" width=\"600\" height=\"340\" data-id=\"18317\" \/><\/a><\/p>\n<h3 style=\"text-align: justify;\"><b>Debido a una protesta de pilotos de Aerol\u00edneas Argentinas y Austral, el vuelo que deb\u00eda trasladar al plantel Pirata esta ma\u00f1ana fue cancelado. Los dirigentes reprogramaron el viaje para las 16.35 a trav\u00e9s de LAN. <\/b><\/h3>\n<h3 style=\"text-align: justify;\"><\/h3>\n<p style=\"text-align: justify;\">\n<p style=\"text-align: justify;\">La cancelaci\u00f3n del vuelo que deb\u00eda llevar la delegaci\u00f3n Celeste hac\u00eda Buenos Aires cambio la actividad prevista para este martes. El conjunto de Ricardo Zielinski disputar\u00e1 ma\u00f1ana la primera fecha del Torneo de Transici\u00f3n de la Primera Divisi\u00f3n, cuando enfrente desde las 18 a Lan\u00fas. Finalmente, el plantel despegar\u00e1 a las 16.35 en un vuelo de LAN.<\/p>\n<p style=\"text-align: justify;\">Una protesta de pilotos de Aerol\u00edneas Argentinas y Austral produjo que algunos vuelos sean cancelados, entre ellos el que iba a trasladar a Belgrano hacia Aeroparque. La idea del cuerpo t\u00e9cnico era entrenarse por la ma\u00f1ana temprano para luego emprender viaje hacia la capital argentina.<\/p>\n<p style=\"text-align: justify;\">Debido al conflicto, los jugadores quedaron libres despu\u00e9s de la pr\u00e1ctica en Villa Esqui\u00fa y fueron citados directamente a las 15.30 en el Aeropuerto de Pajas Blancas.<\/p>\n","protected":false},"excerpt":{"rendered":"<p>Debido a una protesta de pilotos de Aerol\u00edneas Argentinas y Austral, el vuelo que deb\u00eda trasladar al plantel Pirata esta ma\u00f1ana fue cancelado. Los dirigentes reprogramaron el viaje para las 16.35 a trav\u00e9s de LAN. La cancelaci\u00f3n del vuelo que deb\u00eda llevar la delegaci\u00f3n Celeste hac\u00eda Buenos Aires cambio la actividad prevista para este martes. [&hellip;]<\/p>\n","protected":false},"author":15,"featured_media":18317,"comment_status":"open","ping_status":"open","sticky":false,"template":"","format":"standard","meta":{"_seopress_robots_primary_cat":"","_seopress_titles_title":"","_seopress_titles_desc":"","_seopress_robots_index":"","footnotes":""},"categories":[2,16],"tags":[3763,37,73,3536,3764],"class_list":["post-18316","post","type-post","status-publish","format-standard","has-post-thumbnail","hentry","category-futbol","category-primera-division","tag-aerolineas-argentinas","tag-belgrano","tag-lanus","tag-primera-divison","tag-vuelo-cancelado"],"_links":{"self":[{"href":"https:\/\/www.cordobatimes.com\/deportes\/wp-json\/wp\/v2\/posts\/18316","targetHints":{"allow":["GET"]}}],"collection":[{"href":"https:\/\/www.cordobatimes.com\/deportes\/wp-json\/wp\/v2\/posts"}],"about":[{"href":"https:\/\/www.cordobatimes.com\/deportes\/wp-json\/wp\/v2\/types\/post"}],"author":[{"embeddable":true,"href":"https:\/\/www.cordobatimes.com\/deportes\/wp-json\/wp\/v2\/users\/15"}],"replies":[{"embeddable":true,"href":"https:\/\/www.cordobatimes.com\/deportes\/wp-json\/wp\/v2\/comments?post=18316"}],"version-history":[{"count":0,"href":"https:\/\/www.cordobatimes.com\/deportes\/wp-json\/wp\/v2\/posts\/18316\/revisions"}],"wp:featuredmedia":[{"embeddable":true,"href":"https:\/\/www.cordobatimes.com\/deportes\/wp-json\/wp\/v2\/media\/18317"}],"wp:attachment":[{"href":"https:\/\/www.cordobatimes.com\/deportes\/wp-json\/wp\/v2\/media?parent=18316"}],"wp:term":[{"taxonomy":"category","embeddable":true,"href":"https:\/\/www.cordobatimes.com\/deportes\/wp-json\/wp\/v2\/categories?post=18316"},{"taxonomy":"post_tag","embeddable":true,"href":"https:\/\/www.cordobatimes.com\/deportes\/wp-json\/wp\/v2\/tags?post=18316"}],"curies":[{"name":"wp","href":"https:\/\/api.w.org\/{rel}","templated":true}]}}