{"id":18308,"date":"2014-08-12T10:20:08","date_gmt":"2014-08-12T13:20:08","guid":{"rendered":"http:\/\/www.cordobatimes.com\/deportes\/?p=18308"},"modified":"2014-08-12T10:24:09","modified_gmt":"2014-08-12T13:24:09","slug":"lamas-eligio-a-los-12-que-viajaran-al-mundial","status":"publish","type":"post","link":"https:\/\/www.cordobatimes.com\/deportes\/basquet\/2014\/08\/12\/lamas-eligio-a-los-12-que-viajaran-al-mundial\/","title":{"rendered":"Lamas eligi\u00f3 a los 12 que viajar\u00e1n al Mundial"},"content":{"rendered":"<h3><strong><a href=\"http:\/\/www.cordobatimes.com\/deportes\/wp-content\/uploads\/2014\/08\/Lamas.jpg\"><img loading=\"lazy\" decoding=\"async\" class=\"size-full wp-image-18309 aligncenter\" alt=\"Lamas\" src=\"http:\/\/www.cordobatimes.com\/deportes\/wp-content\/uploads\/2014\/08\/Lamas.jpg\" width=\"629\" height=\"456\" data-id=\"18309\" srcset=\"https:\/\/www.cordobatimes.com\/deportes\/wp-content\/uploads\/2014\/08\/Lamas.jpg 629w, https:\/\/www.cordobatimes.com\/deportes\/wp-content\/uploads\/2014\/08\/Lamas-300x217.jpg 300w\" sizes=\"auto, (max-width: 629px) 100vw, 629px\" \/><\/a><\/strong><\/h3>\n<h3 style=\"text-align: justify;\"><strong>Tras el \u00faltimo amistoso disputado en el pa\u00eds, con victoria sobre otro combinado nacional, el entrenador de la selecci\u00f3n de basquet confirm\u00f3 quienes ser\u00e1n los representantes argentinos en Espa\u00f1a 2014. Richotti y Georgetti quedaron marginados.<\/strong><\/h3>\n<p style=\"text-align: justify;\">\n<p style=\"text-align: justify;\">Julio Lamas tom\u00f3 la determinaci\u00f3n de dejar afuera del plantel de 12 al\u00a0escolta Nicol\u00e1s Richotti (Iberostar Tenerife de Espa\u00f1a), y al alero Franco Giorgetti (Pe\u00f1arol de Mar del Plata), quienes finalmente no participar\u00e1n de la cita mundialista. El corte se dio luego del triunfo 94-62 sobre el combinado B de nuestro seleccionado.<\/p>\n<p style=\"text-align: justify;\">Los jugadores argentinos tendr\u00e1n dos d\u00edas libres y el jueves en horas del mediod\u00eda partir\u00e1n a Belgrado, Serbia, donde participar\u00e1n de un cuadrangular junto a Turqu\u00eda, Puerto Rico (el primer rival en el grupo B del Mundial) y el seleccionado de ese pa\u00eds balc\u00e1nico, que se jugar\u00e1 el 16, 17 y 18 de este mes. Una vez finalizado el mismo, viajar\u00e1n rumbo a Espa\u00f1a, continuando la preparaci\u00f3n pensando en el torneo que comenzar\u00e1 el 30 de agosto.<\/p>\n<p style=\"text-align: justify;\"><span style=\"text-decoration: underline;\"><strong>PLANTEL COMPLETO<\/strong><\/span>:<\/p>\n<p style=\"text-align: justify;\">. Bases: Pablo Prigioni (37 a\u00f1os y 1,86 de New York Knicks), Facundo Campazzo (23 y 1,79, Libre) y Nicol\u00e1s Laprovittola (24 y 1,92 de Flamengo de Brasil).<\/p>\n<p style=\"text-align: justify;\">. Escoltas: Selem Safar (27 y 1,90 de Obras Sanitarias)), Andr\u00e9s Nocioni (34 y 2,06 de Real Madrid de Espa\u00f1a), Walter Herrmann (35 y 2,06 de Flamengo de Brasil) y Marcos Mata (28 y 2,01 de Franca de Brasil).<\/p>\n<p style=\"text-align: justify;\">. Ala pivotes: Luis Scola (34 y 2,06 de Indiana Pacers) y Leonardo Guti\u00e9rrez (36 y 2,00 de Pe\u00f1arol de Mar del Plata).<\/p>\n<p style=\"text-align: justify;\">. Pivotes: Marcos Del\u00eda (22 y 2,09 de Obras Sanitarias), Mat\u00edas Bortol\u00edn (21 y 2,07 de Atenas de C\u00f3rdoba) y Tayavek Gallizzi (21 y 2,05 de Quilmes de Mar del Plata).<\/p>\n","protected":false},"excerpt":{"rendered":"<p>Tras el \u00faltimo amistoso disputado en el pa\u00eds, con victoria sobre otro combinado nacional, el entrenador de la selecci\u00f3n de basquet confirm\u00f3 quienes ser\u00e1n los representantes argentinos en Espa\u00f1a 2014. Richotti y Georgetti quedaron marginados. Julio Lamas tom\u00f3 la determinaci\u00f3n de dejar afuera del plantel de 12 al\u00a0escolta Nicol\u00e1s Richotti (Iberostar Tenerife de Espa\u00f1a), y [&hellip;]<\/p>\n","protected":false},"author":2,"featured_media":18309,"comment_status":"open","ping_status":"open","sticky":false,"template":"","format":"standard","meta":{"_seopress_robots_primary_cat":"","_seopress_titles_title":"","_seopress_titles_desc":"","_seopress_robots_index":"","footnotes":""},"categories":[3],"tags":[2517],"class_list":["post-18308","post","type-post","status-publish","format-standard","has-post-thumbnail","hentry","category-basquet"],"_links":{"self":[{"href":"https:\/\/www.cordobatimes.com\/deportes\/wp-json\/wp\/v2\/posts\/18308","targetHints":{"allow":["GET"]}}],"collection":[{"href":"https:\/\/www.cordobatimes.com\/deportes\/wp-json\/wp\/v2\/posts"}],"about":[{"href":"https:\/\/www.cordobatimes.com\/deportes\/wp-json\/wp\/v2\/types\/post"}],"author":[{"embeddable":true,"href":"https:\/\/www.cordobatimes.com\/deportes\/wp-json\/wp\/v2\/users\/2"}],"replies":[{"embeddable":true,"href":"https:\/\/www.cordobatimes.com\/deportes\/wp-json\/wp\/v2\/comments?post=18308"}],"version-history":[{"count":0,"href":"https:\/\/www.cordobatimes.com\/deportes\/wp-json\/wp\/v2\/posts\/18308\/revisions"}],"wp:featuredmedia":[{"embeddable":true,"href":"https:\/\/www.cordobatimes.com\/deportes\/wp-json\/wp\/v2\/media\/18309"}],"wp:attachment":[{"href":"https:\/\/www.cordobatimes.com\/deportes\/wp-json\/wp\/v2\/media?parent=18308"}],"wp:term":[{"taxonomy":"category","embeddable":true,"href":"https:\/\/www.cordobatimes.com\/deportes\/wp-json\/wp\/v2\/categories?post=18308"},{"taxonomy":"post_tag","embeddable":true,"href":"https:\/\/www.cordobatimes.com\/deportes\/wp-json\/wp\/v2\/tags?post=18308"}],"curies":[{"name":"wp","href":"https:\/\/api.w.org\/{rel}","templated":true}]}}