{"id":18292,"date":"2014-08-12T10:45:05","date_gmt":"2014-08-12T13:45:05","guid":{"rendered":"http:\/\/www.cordobatimes.com\/deportes\/?p=18292"},"modified":"2014-08-12T13:23:59","modified_gmt":"2014-08-12T16:23:59","slug":"barovero-esta-desgarrado","status":"publish","type":"post","link":"https:\/\/www.cordobatimes.com\/deportes\/futbol\/2014\/08\/12\/barovero-esta-desgarrado\/","title":{"rendered":"Barovero est\u00e1 desgarrado"},"content":{"rendered":"<h3><strong><a href=\"http:\/\/www.cordobatimes.com\/deportes\/wp-content\/uploads\/2014\/08\/Barovero.jpg\"><img loading=\"lazy\" decoding=\"async\" class=\"size-full wp-image-18293 aligncenter\" alt=\"Barovero\" src=\"http:\/\/www.cordobatimes.com\/deportes\/wp-content\/uploads\/2014\/08\/Barovero.jpg\" width=\"590\" height=\"441\" data-id=\"18293\" srcset=\"https:\/\/www.cordobatimes.com\/deportes\/wp-content\/uploads\/2014\/08\/Barovero.jpg 590w, https:\/\/www.cordobatimes.com\/deportes\/wp-content\/uploads\/2014\/08\/Barovero-300x224.jpg 300w\" sizes=\"auto, (max-width: 590px) 100vw, 590px\" \/><\/a><\/strong><\/h3>\n<h3 style=\"text-align: justify;\"><strong>El arquero de River, que debi\u00f3 salir por lesi\u00f3n en el duelo frente a Gimnasia, estar\u00e1 15 d\u00edas afuera de las canchas. Su lugar ser\u00e1 ocupado, al igual que contra el Lobo, por el ex Instituto Julio Chiarini.<\/strong><\/h3>\n<p style=\"text-align: justify;\">\n<p style=\"text-align: justify;\">Marcelo Barovero, una de las figuras del conjunto Millonario, sufri\u00f3 un desgarro de tres mil\u00edmetros en el b\u00edceps femoral de la pierna izquierda, por lo que deber\u00e1 permanecer inactivo durante al menos dos semanas.<\/p>\n<p style=\"text-align: justify;\">La informaci\u00f3n fue confirmada por el cuerpo m\u00e9dico de la instituci\u00f3n de N\u00fa\u00f1ez, tras realizarle los estudios correspondientes. Ahora, en los duelos contra Rosario Central y Godoy Cruz, el arco ser\u00e1 ocupado por el ex Instituto, recientemente llegado al club, Julio Chiarini, quien tendr\u00e1 la gran posibilidad de mostrarse.<\/p>\n<p style=\"text-align: justify;\">\u00a0En esta serie de jugadas, el ex V\u00e9lez ya estaba lesionado pero lo mismo respondi\u00f3 de gran manera. Mir\u00e1:<\/p>\n<p>\u00a0<iframe loading=\"lazy\" src=\"\/\/www.youtube.com\/embed\/v11l-9NzNtw?rel=0\" height=\"315\" width=\"560\" allowfullscreen=\"\" frameborder=\"0\"><\/iframe><\/p>\n","protected":false},"excerpt":{"rendered":"<p>El arquero de River, que debi\u00f3 salir por lesi\u00f3n en el duelo frente a Gimnasia, estar\u00e1 15 d\u00edas afuera de las canchas. Su lugar ser\u00e1 ocupado, al igual que contra el Lobo, por el ex Instituto Julio Chiarini. Marcelo Barovero, una de las figuras del conjunto Millonario, sufri\u00f3 un desgarro de tres mil\u00edmetros en el [&hellip;]<\/p>\n","protected":false},"author":2,"featured_media":18293,"comment_status":"open","ping_status":"open","sticky":false,"template":"","format":"standard","meta":{"_seopress_robots_primary_cat":"","_seopress_titles_title":"","_seopress_titles_desc":"","_seopress_robots_index":"","footnotes":""},"categories":[2,16],"tags":[74],"class_list":["post-18292","post","type-post","status-publish","format-standard","has-post-thumbnail","hentry","category-futbol","category-primera-division","tag-river"],"_links":{"self":[{"href":"https:\/\/www.cordobatimes.com\/deportes\/wp-json\/wp\/v2\/posts\/18292","targetHints":{"allow":["GET"]}}],"collection":[{"href":"https:\/\/www.cordobatimes.com\/deportes\/wp-json\/wp\/v2\/posts"}],"about":[{"href":"https:\/\/www.cordobatimes.com\/deportes\/wp-json\/wp\/v2\/types\/post"}],"author":[{"embeddable":true,"href":"https:\/\/www.cordobatimes.com\/deportes\/wp-json\/wp\/v2\/users\/2"}],"replies":[{"embeddable":true,"href":"https:\/\/www.cordobatimes.com\/deportes\/wp-json\/wp\/v2\/comments?post=18292"}],"version-history":[{"count":0,"href":"https:\/\/www.cordobatimes.com\/deportes\/wp-json\/wp\/v2\/posts\/18292\/revisions"}],"wp:featuredmedia":[{"embeddable":true,"href":"https:\/\/www.cordobatimes.com\/deportes\/wp-json\/wp\/v2\/media\/18293"}],"wp:attachment":[{"href":"https:\/\/www.cordobatimes.com\/deportes\/wp-json\/wp\/v2\/media?parent=18292"}],"wp:term":[{"taxonomy":"category","embeddable":true,"href":"https:\/\/www.cordobatimes.com\/deportes\/wp-json\/wp\/v2\/categories?post=18292"},{"taxonomy":"post_tag","embeddable":true,"href":"https:\/\/www.cordobatimes.com\/deportes\/wp-json\/wp\/v2\/tags?post=18292"}],"curies":[{"name":"wp","href":"https:\/\/api.w.org\/{rel}","templated":true}]}}