{"id":18259,"date":"2014-08-11T15:18:50","date_gmt":"2014-08-11T18:18:50","guid":{"rendered":"http:\/\/www.cordobatimes.com\/deportes\/?p=18259"},"modified":"2014-08-11T15:18:50","modified_gmt":"2014-08-11T18:18:50","slug":"la-magia-intacta-totti-volvio-a-hacer-un-golazo-con-la-roma-video","status":"publish","type":"post","link":"https:\/\/www.cordobatimes.com\/deportes\/futbol-internacional\/2014\/08\/11\/la-magia-intacta-totti-volvio-a-hacer-un-golazo-con-la-roma-video\/","title":{"rendered":"La magia intacta: Totti volvi\u00f3 a hacer un golazo con la Roma (Video)"},"content":{"rendered":"<h3><strong><a href=\"http:\/\/www.cordobatimes.com\/deportes\/wp-content\/uploads\/2014\/08\/Totti.jpg\"><img loading=\"lazy\" decoding=\"async\" class=\"size-full wp-image-18260 aligncenter\" alt=\"Totti\" src=\"http:\/\/www.cordobatimes.com\/deportes\/wp-content\/uploads\/2014\/08\/Totti.jpg\" width=\"620\" height=\"372\" data-id=\"18260\" srcset=\"https:\/\/www.cordobatimes.com\/deportes\/wp-content\/uploads\/2014\/08\/Totti.jpg 620w, https:\/\/www.cordobatimes.com\/deportes\/wp-content\/uploads\/2014\/08\/Totti-300x180.jpg 300w\" sizes=\"auto, (max-width: 620px) 100vw, 620px\" \/><\/a><\/strong><\/h3>\n<h3 style=\"text-align: justify;\"><strong>El talentoso mediocampista de 37 a\u00f1os convirti\u00f3 en el triunfo de su equipo sobre Eltendorf. Tom\u00f3 la pelota afuera del \u00e1rea, gambete\u00f3 y la &#8220;pinch\u00f3&#8221; ante la salida del arquero. Mir\u00e1 las im\u00e1genes.<\/strong><\/h3>\n<p style=\"text-align: justify;\">\n<p style=\"text-align: justify;\">Si algo est\u00e1 claro es la calidad que tiene Francesco Totti. Pese a su avanzada edad, el 10 sigue mostrando todo su talento dentro de la cancha. Esta vez fue figura en el 5-0 del equipo capitalino sobre los austr\u00edacos, que poco pudieron hacer frente a tama\u00f1a exhibici\u00f3n de f\u00fatbol.<\/p>\n<p style=\"text-align: justify;\">Totti convirti\u00f3 dos, pero el m\u00e1s lindo fue el tercero (primero de su cuenta personal). Recibi\u00f3 al borde del \u00e1rea, esquiv\u00f3 algunos contrarios y defini\u00f3 por sobre el 1, en un verdadero golazo.<\/p>\n<p style=\"text-align: justify;\">Mir\u00e1:<\/p>\n<p>\u00a0<iframe loading=\"lazy\" src=\"\/\/www.youtube.com\/embed\/UB_k6nEoNsY?rel=0\" height=\"315\" width=\"560\" allowfullscreen=\"\" frameborder=\"0\"><\/iframe><\/p>\n","protected":false},"excerpt":{"rendered":"<p>El talentoso mediocampista de 37 a\u00f1os convirti\u00f3 en el triunfo de su equipo sobre Eltendorf. Tom\u00f3 la pelota afuera del \u00e1rea, gambete\u00f3 y la &#8220;pinch\u00f3&#8221; ante la salida del arquero. Mir\u00e1 las im\u00e1genes. Si algo est\u00e1 claro es la calidad que tiene Francesco Totti. Pese a su avanzada edad, el 10 sigue mostrando todo su [&hellip;]<\/p>\n","protected":false},"author":2,"featured_media":18260,"comment_status":"open","ping_status":"open","sticky":false,"template":"","format":"standard","meta":{"_seopress_robots_primary_cat":"","_seopress_titles_title":"","_seopress_titles_desc":"","_seopress_robots_index":"","footnotes":""},"categories":[18],"tags":[3756,1254,533,336],"class_list":["post-18259","post","type-post","status-publish","format-standard","has-post-thumbnail","hentry","category-futbol-internacional","tag-francesco-totti","tag-golazo","tag-italia","tag-roma"],"_links":{"self":[{"href":"https:\/\/www.cordobatimes.com\/deportes\/wp-json\/wp\/v2\/posts\/18259","targetHints":{"allow":["GET"]}}],"collection":[{"href":"https:\/\/www.cordobatimes.com\/deportes\/wp-json\/wp\/v2\/posts"}],"about":[{"href":"https:\/\/www.cordobatimes.com\/deportes\/wp-json\/wp\/v2\/types\/post"}],"author":[{"embeddable":true,"href":"https:\/\/www.cordobatimes.com\/deportes\/wp-json\/wp\/v2\/users\/2"}],"replies":[{"embeddable":true,"href":"https:\/\/www.cordobatimes.com\/deportes\/wp-json\/wp\/v2\/comments?post=18259"}],"version-history":[{"count":0,"href":"https:\/\/www.cordobatimes.com\/deportes\/wp-json\/wp\/v2\/posts\/18259\/revisions"}],"wp:featuredmedia":[{"embeddable":true,"href":"https:\/\/www.cordobatimes.com\/deportes\/wp-json\/wp\/v2\/media\/18260"}],"wp:attachment":[{"href":"https:\/\/www.cordobatimes.com\/deportes\/wp-json\/wp\/v2\/media?parent=18259"}],"wp:term":[{"taxonomy":"category","embeddable":true,"href":"https:\/\/www.cordobatimes.com\/deportes\/wp-json\/wp\/v2\/categories?post=18259"},{"taxonomy":"post_tag","embeddable":true,"href":"https:\/\/www.cordobatimes.com\/deportes\/wp-json\/wp\/v2\/tags?post=18259"}],"curies":[{"name":"wp","href":"https:\/\/api.w.org\/{rel}","templated":true}]}}