{"id":18185,"date":"2014-08-10T19:41:51","date_gmt":"2014-08-10T22:41:51","guid":{"rendered":"http:\/\/www.cordobatimes.com\/deportes\/?p=18185"},"modified":"2014-08-10T19:41:51","modified_gmt":"2014-08-10T22:41:51","slug":"tsonga-vencio-a-federer-y-se-quedo-con-el-m1000-de-toronto","status":"publish","type":"post","link":"https:\/\/www.cordobatimes.com\/deportes\/tenis\/2014\/08\/10\/tsonga-vencio-a-federer-y-se-quedo-con-el-m1000-de-toronto\/","title":{"rendered":"Tsonga venci\u00f3 a Federer y se qued\u00f3 con el M1000 de Toronto"},"content":{"rendered":"<h3 style=\"text-align: justify;\"><strong><a href=\"http:\/\/www.cordobatimes.com\/deportes\/wp-content\/uploads\/2014\/08\/tsonga.jpg\"><img loading=\"lazy\" decoding=\"async\" class=\"alignnone size-full wp-image-18189\" style=\"margin: 5px;\" alt=\"tsonga\" src=\"http:\/\/www.cordobatimes.com\/deportes\/wp-content\/uploads\/2014\/08\/tsonga.jpg\" width=\"660\" height=\"350\" data-id=\"18189\" srcset=\"https:\/\/www.cordobatimes.com\/deportes\/wp-content\/uploads\/2014\/08\/tsonga.jpg 660w, https:\/\/www.cordobatimes.com\/deportes\/wp-content\/uploads\/2014\/08\/tsonga-300x159.jpg 300w\" sizes=\"auto, (max-width: 660px) 100vw, 660px\" \/><\/a>El franc\u00e9s se consagr\u00f3 campe\u00f3n en el abierto de Canad\u00e1, tras derrotar al suizo por\u00a07-5 y 7-6 (3). As\u00ed,\u00a0se convirti\u00f3 en el primero de su pa\u00eds en ganar este torneo y\u00a0regresar\u00e1 al N\u00b010 del mundo por primera vez desde agosto de 2011.<\/strong><\/h3>\n<p>&nbsp;<\/p>\n<p style=\"text-align: justify;\">Para coronar una semana so\u00f1ada, Jo-Wilfried Tsonga le gan\u00f3 a Roger Federer en la final del Masters 1000 de Toronto, por 7-5 y 7-6 (3), tras una hora y 47 minutos de juego. De esta manera, el franc\u00e9s se convirti\u00f3 en el primer jugador de su pa\u00eds en consagrarse campe\u00f3n del Abierto de Canad\u00e1.<\/p>\n<p style=\"text-align: justify;\">Tsonga logr\u00f3\u00a0cuatro triunfos ante jugadores Top 10 en un mismo Masters 1000, venciendo a Novak Djokovic, Andy Murray, Grigor Dimitrov y Roger Federer,\u00a0algo que no ocurr\u00eda desde\u00a0Toronto 2002, cuando lo hizo el argentino Guillermo Ca\u00f1as.<\/p>\n<p style=\"text-align: justify;\">Este es el primer M1000 en seis a\u00f1os y el\u00a0segundo de su carrera, acumulando\u00a011 t\u00edtulos como profesional.\u00a0Adem\u00e1s, ahora regresar\u00e1 al N\u00b010 del mundo por primera vez desde agosto de 2011.<\/p>\n<p style=\"text-align: justify;\">Por su parte,\u00a0Federer (3) perdi\u00f3 su tercera final en lo que va del a\u00f1o, tras caer en las finales de Monte Carlo e Indian Wells, qued\u00e1ndose con las ganas de obtener una nueva corona en el circuito de la ATP y sumar la 80\u00b0 de su carrera, el 22\u00b0 en este tipo de cert\u00e1menes.<\/p>\n<p style=\"text-align: justify;\">\n","protected":false},"excerpt":{"rendered":"<p>El franc\u00e9s se consagr\u00f3 campe\u00f3n en el abierto de Canad\u00e1, tras derrotar al suizo por\u00a07-5 y 7-6 (3). As\u00ed,\u00a0se convirti\u00f3 en el primero de su pa\u00eds en ganar este torneo y\u00a0regresar\u00e1 al N\u00b010 del mundo por primera vez desde agosto de 2011. &nbsp; Para coronar una semana so\u00f1ada, Jo-Wilfried Tsonga le gan\u00f3 a Roger Federer [&hellip;]<\/p>\n","protected":false},"author":5,"featured_media":18189,"comment_status":"open","ping_status":"open","sticky":false,"template":"","format":"standard","meta":{"_seopress_robots_primary_cat":"","_seopress_titles_title":"","_seopress_titles_desc":"","_seopress_robots_index":"","footnotes":""},"categories":[4],"tags":[3750,377,1314],"class_list":["post-18185","post","type-post","status-publish","format-standard","has-post-thumbnail","hentry","category-tenis","tag-m1000-de-toronto","tag-roger-federer","tag-tsonga"],"_links":{"self":[{"href":"https:\/\/www.cordobatimes.com\/deportes\/wp-json\/wp\/v2\/posts\/18185","targetHints":{"allow":["GET"]}}],"collection":[{"href":"https:\/\/www.cordobatimes.com\/deportes\/wp-json\/wp\/v2\/posts"}],"about":[{"href":"https:\/\/www.cordobatimes.com\/deportes\/wp-json\/wp\/v2\/types\/post"}],"author":[{"embeddable":true,"href":"https:\/\/www.cordobatimes.com\/deportes\/wp-json\/wp\/v2\/users\/5"}],"replies":[{"embeddable":true,"href":"https:\/\/www.cordobatimes.com\/deportes\/wp-json\/wp\/v2\/comments?post=18185"}],"version-history":[{"count":0,"href":"https:\/\/www.cordobatimes.com\/deportes\/wp-json\/wp\/v2\/posts\/18185\/revisions"}],"wp:featuredmedia":[{"embeddable":true,"href":"https:\/\/www.cordobatimes.com\/deportes\/wp-json\/wp\/v2\/media\/18189"}],"wp:attachment":[{"href":"https:\/\/www.cordobatimes.com\/deportes\/wp-json\/wp\/v2\/media?parent=18185"}],"wp:term":[{"taxonomy":"category","embeddable":true,"href":"https:\/\/www.cordobatimes.com\/deportes\/wp-json\/wp\/v2\/categories?post=18185"},{"taxonomy":"post_tag","embeddable":true,"href":"https:\/\/www.cordobatimes.com\/deportes\/wp-json\/wp\/v2\/tags?post=18185"}],"curies":[{"name":"wp","href":"https:\/\/api.w.org\/{rel}","templated":true}]}}