{"id":18135,"date":"2014-08-09T22:55:25","date_gmt":"2014-08-10T01:55:25","guid":{"rendered":"http:\/\/www.cordobatimes.com\/deportes\/?p=18135"},"modified":"2014-08-09T23:40:59","modified_gmt":"2014-08-10T02:40:59","slug":"racing-uno-de-los-candidatos-debuta-en-el-torneo-de-transicion","status":"publish","type":"post","link":"https:\/\/www.cordobatimes.com\/deportes\/futbol\/2014\/08\/09\/racing-uno-de-los-candidatos-debuta-en-el-torneo-de-transicion\/","title":{"rendered":"Racing arranc\u00f3 con un triunfo"},"content":{"rendered":"<p style=\"text-align: center;\">\n<p style=\"text-align: center;\"><a href=\"http:\/\/www.cordobatimes.com\/deportes\/wp-content\/uploads\/2014\/08\/Racing1.jpg\"><img loading=\"lazy\" decoding=\"async\" class=\"size-full wp-image-18166 aligncenter\" alt=\"Racing\" src=\"http:\/\/www.cordobatimes.com\/deportes\/wp-content\/uploads\/2014\/08\/Racing1.jpg\" width=\"600\" height=\"400\" data-id=\"18166\" srcset=\"https:\/\/www.cordobatimes.com\/deportes\/wp-content\/uploads\/2014\/08\/Racing1.jpg 600w, https:\/\/www.cordobatimes.com\/deportes\/wp-content\/uploads\/2014\/08\/Racing1-300x200.jpg 300w\" sizes=\"auto, (max-width: 600px) 100vw, 600px\" \/><\/a><\/p>\n<h3 style=\"text-align: justify;\"><b>La Academia venci\u00f3 a Defensa por 3-1 y empez\u00f3 de la mejor manera el campeonato. Hauche, en dos oportunidades, y Milito, marcaron los goles para el equipo de Cocca, mientras que Fern\u00e1ndez hab\u00eda descontado para el \u201cHalc\u00f3n\u201d. Yacob y S\u00e1nchez vieron la roja.<\/b><\/h3>\n<p style=\"text-align: justify;\">\n<p style=\"text-align: justify;\">En su debut en el campeonato de Primera Divisi\u00f3n, Racing reafirm\u00f3 su condici\u00f3n de candidato y consigui\u00f3 una gran victoria frente a Defensa y Justicia por 3 a 1, en un encuentro desarrollado en Florencio Varela.<\/p>\n<p style=\"text-align: justify;\">El arranque fue muy trabado y disputado en la mitad de la cancha, aunque fue el conjunto de Avellaneda el que primer se acerc\u00f3 al gol. Gabriel Hauche tuvo la primera clara con un remate que obtuvo una gran respuesta del arquero Diego Pellegrino. A los 27m Abal le sac\u00f3 la roja a Diego Yacob (de manera exagera), hecho que comenz\u00f3 a inclinar el desarrollo.<\/p>\n<p style=\"text-align: justify;\">A los 33 minutos, el Demonio abri\u00f3 el marcador para la Academia luego de un buen giro en el \u00e1rea que termin\u00f3 en el fondo de la red. Dos minutos m\u00e1s tarde, nuevamente Hauche puso el 2-0 luego de una buena jugada colectiva. Marcos Acu\u00f1a casi pone el tercero cuando se mor\u00eda la primera mitad, con un tiro libre que dio en el travesa\u00f1o.<\/p>\n<p style=\"text-align: justify;\">A los 15 del complemento, Diego Milito puso el 3-0 luego de una gran habilitaci\u00f3n de Gast\u00f3n D\u00edaz que el experimentado delantero defini\u00f3 con categor\u00eda al lado del palo izquierdo. Racing ten\u00eda todo controlado, pero luego de la expulsi\u00f3n de Nico S\u00e1nchez (20m.), las cosas se pusieron parejas. A los 37, y sin demasiado tiempo para m\u00e1s, una mala salida de Saja le permiti\u00f3 descontar a Brian Fern\u00e1ndez.<\/p>\n<p style=\"text-align: justify;\">A pesar de los \u00faltimos intentos del Halc\u00f3n, el conjunto de Avellaneda se termin\u00f3 quedando por 3 a 1 y dio un gran primer paso en este comienzo de campeonato.<\/p>\n<p style=\"text-align: justify;\"><strong>\u00a0<\/strong><\/p>\n<p style=\"text-align: justify;\"><strong>FORMACIONES<\/strong><\/p>\n<p style=\"text-align: justify;\"><b>Defensa y Justicia:<\/b>\u00a0Fernando Pellegrino; Dami\u00e1n Mart\u00ednez, Juan Tejera, Pablo De Miranda, Marcelo Ben\u00edtez; Emiliano Tellechea, Diego Yacob, Washington Camacho; Ciro Rius, Julio Rodr\u00edguez y Brian Fern\u00e1ndez.\u00a0<b>DT:\u00a0<\/b>Dar\u00edo Franco.<\/p>\n<p style=\"text-align: justify;\"><b>Racing:\u00a0<\/b>Sebasti\u00e1n Saja; Iv\u00e1n Pillud, Luciano Lollo, Nicol\u00e1s S\u00e1nchez, Leandro Grimi; Gast\u00f3n D\u00edaz, Luciano Aued, N\u00e9lson Acevedo, Marcos Acu\u00f1a; Gabriel Hauche y Diego Milito.\u00a0<b>DT:<\/b>\u00a0Diego Cocca.<\/p>\n","protected":false},"excerpt":{"rendered":"<p>La Academia venci\u00f3 a Defensa por 3-1 y empez\u00f3 de la mejor manera el campeonato. Hauche, en dos oportunidades, y Milito, marcaron los goles para el equipo de Cocca, mientras que Fern\u00e1ndez hab\u00eda descontado para el \u201cHalc\u00f3n\u201d. Yacob y S\u00e1nchez vieron la roja. En su debut en el campeonato de Primera Divisi\u00f3n, Racing reafirm\u00f3 su [&hellip;]<\/p>\n","protected":false},"author":15,"featured_media":18166,"comment_status":"open","ping_status":"open","sticky":false,"template":"","format":"standard","meta":{"_seopress_robots_primary_cat":"","_seopress_titles_title":"","_seopress_titles_desc":"","_seopress_robots_index":"","footnotes":""},"categories":[2,16],"tags":[33,3740,360,3551,3743,106],"class_list":["post-18135","post","type-post","status-publish","format-standard","has-post-thumbnail","hentry","category-futbol","category-primera-division","tag-afa","tag-cocca","tag-defensa-y-justicia","tag-diego-milito","tag-gabriel-hauche","tag-racing"],"_links":{"self":[{"href":"https:\/\/www.cordobatimes.com\/deportes\/wp-json\/wp\/v2\/posts\/18135","targetHints":{"allow":["GET"]}}],"collection":[{"href":"https:\/\/www.cordobatimes.com\/deportes\/wp-json\/wp\/v2\/posts"}],"about":[{"href":"https:\/\/www.cordobatimes.com\/deportes\/wp-json\/wp\/v2\/types\/post"}],"author":[{"embeddable":true,"href":"https:\/\/www.cordobatimes.com\/deportes\/wp-json\/wp\/v2\/users\/15"}],"replies":[{"embeddable":true,"href":"https:\/\/www.cordobatimes.com\/deportes\/wp-json\/wp\/v2\/comments?post=18135"}],"version-history":[{"count":0,"href":"https:\/\/www.cordobatimes.com\/deportes\/wp-json\/wp\/v2\/posts\/18135\/revisions"}],"wp:featuredmedia":[{"embeddable":true,"href":"https:\/\/www.cordobatimes.com\/deportes\/wp-json\/wp\/v2\/media\/18166"}],"wp:attachment":[{"href":"https:\/\/www.cordobatimes.com\/deportes\/wp-json\/wp\/v2\/media?parent=18135"}],"wp:term":[{"taxonomy":"category","embeddable":true,"href":"https:\/\/www.cordobatimes.com\/deportes\/wp-json\/wp\/v2\/categories?post=18135"},{"taxonomy":"post_tag","embeddable":true,"href":"https:\/\/www.cordobatimes.com\/deportes\/wp-json\/wp\/v2\/tags?post=18135"}],"curies":[{"name":"wp","href":"https:\/\/api.w.org\/{rel}","templated":true}]}}