{"id":18118,"date":"2014-08-08T21:37:51","date_gmt":"2014-08-09T00:37:51","guid":{"rendered":"http:\/\/www.cordobatimes.com\/deportes\/?p=18118"},"modified":"2014-08-08T21:37:51","modified_gmt":"2014-08-09T00:37:51","slug":"belgrano-sumo-a-julio-furch","status":"publish","type":"post","link":"https:\/\/www.cordobatimes.com\/deportes\/futbol\/2014\/08\/08\/belgrano-sumo-a-julio-furch\/","title":{"rendered":"Belgrano sum\u00f3 a Julio Furch"},"content":{"rendered":"<p style=\"text-align: center;\"><a href=\"http:\/\/www.cordobatimes.com\/deportes\/wp-content\/uploads\/2014\/08\/Furch.jpg\"><img loading=\"lazy\" decoding=\"async\" class=\"size-full wp-image-18119 aligncenter\" alt=\"Furch\" src=\"http:\/\/www.cordobatimes.com\/deportes\/wp-content\/uploads\/2014\/08\/Furch.jpg\" width=\"620\" height=\"413\" data-id=\"18119\" srcset=\"https:\/\/www.cordobatimes.com\/deportes\/wp-content\/uploads\/2014\/08\/Furch.jpg 620w, https:\/\/www.cordobatimes.com\/deportes\/wp-content\/uploads\/2014\/08\/Furch-300x199.jpg 300w\" sizes=\"auto, (max-width: 620px) 100vw, 620px\" \/><\/a><\/p>\n<h3 style=\"text-align: justify;\"><b>El delantero se convirti\u00f3 en el nuevo refuerzo del conjunto Pirata, que con esta contrataci\u00f3n se retira del mercado. Llega proveniente de Arsenal.<\/b><\/h3>\n<p style=\"text-align: justify;\">\n<p style=\"text-align: justify;\">\n<p style=\"text-align: justify;\">Julio C\u00e9sar Furch se transform\u00f3 esta tarde en el \u00faltimo refuerzo de la \u201cB\u201d para el Campeonato de Primera Divisi\u00f3n. El futbolista viene de convertir 10 goles en 36 partidas con la camiseta de Arsenal de Sarand\u00ed.<\/p>\n<p style=\"text-align: justify;\">El Pirata lo hab\u00eda inscripto como posible incorporaci\u00f3n ayer jueves, antes de que cerrara el libro de pases. Finalmente hoy ambas partes se pusieron de acuerdo y se concret\u00f3 la transferencia. El s\u00e1bado el jugador se presentar\u00e1 en el predio de Villa Esqui\u00fa, donde se juntar\u00e1 con sus nuevos compa\u00f1eros.<\/p>\n<p style=\"text-align: justify;\">De esta manera, el pampeano es el quinto refuerzo Pirata y se suma a Cristian Lema, Carlos Soto, Federico Pintos y Jerry Bengtson.<\/p>\n","protected":false},"excerpt":{"rendered":"<p>El delantero se convirti\u00f3 en el nuevo refuerzo del conjunto Pirata, que con esta contrataci\u00f3n se retira del mercado. Llega proveniente de Arsenal. Julio C\u00e9sar Furch se transform\u00f3 esta tarde en el \u00faltimo refuerzo de la \u201cB\u201d para el Campeonato de Primera Divisi\u00f3n. El futbolista viene de convertir 10 goles en 36 partidas con la [&hellip;]<\/p>\n","protected":false},"author":15,"featured_media":18119,"comment_status":"open","ping_status":"open","sticky":false,"template":"","format":"standard","meta":{"_seopress_robots_primary_cat":"","_seopress_titles_title":"","_seopress_titles_desc":"","_seopress_robots_index":"","footnotes":""},"categories":[2,16],"tags":[71,37,2143,2704,3536,1537],"class_list":["post-18118","post","type-post","status-publish","format-standard","has-post-thumbnail","hentry","category-futbol","category-primera-division","tag-arsenal","tag-belgrano","tag-julio-furch","tag-mercado-de-pases","tag-primera-divison","tag-refuerzo"],"_links":{"self":[{"href":"https:\/\/www.cordobatimes.com\/deportes\/wp-json\/wp\/v2\/posts\/18118","targetHints":{"allow":["GET"]}}],"collection":[{"href":"https:\/\/www.cordobatimes.com\/deportes\/wp-json\/wp\/v2\/posts"}],"about":[{"href":"https:\/\/www.cordobatimes.com\/deportes\/wp-json\/wp\/v2\/types\/post"}],"author":[{"embeddable":true,"href":"https:\/\/www.cordobatimes.com\/deportes\/wp-json\/wp\/v2\/users\/15"}],"replies":[{"embeddable":true,"href":"https:\/\/www.cordobatimes.com\/deportes\/wp-json\/wp\/v2\/comments?post=18118"}],"version-history":[{"count":0,"href":"https:\/\/www.cordobatimes.com\/deportes\/wp-json\/wp\/v2\/posts\/18118\/revisions"}],"wp:featuredmedia":[{"embeddable":true,"href":"https:\/\/www.cordobatimes.com\/deportes\/wp-json\/wp\/v2\/media\/18119"}],"wp:attachment":[{"href":"https:\/\/www.cordobatimes.com\/deportes\/wp-json\/wp\/v2\/media?parent=18118"}],"wp:term":[{"taxonomy":"category","embeddable":true,"href":"https:\/\/www.cordobatimes.com\/deportes\/wp-json\/wp\/v2\/categories?post=18118"},{"taxonomy":"post_tag","embeddable":true,"href":"https:\/\/www.cordobatimes.com\/deportes\/wp-json\/wp\/v2\/tags?post=18118"}],"curies":[{"name":"wp","href":"https:\/\/api.w.org\/{rel}","templated":true}]}}