{"id":18069,"date":"2014-08-07T18:18:39","date_gmt":"2014-08-07T21:18:39","guid":{"rendered":"http:\/\/www.cordobatimes.com\/deportes\/?p=18069"},"modified":"2014-08-07T18:18:39","modified_gmt":"2014-08-07T21:18:39","slug":"martino-se-reunio-con-segura","status":"publish","type":"post","link":"https:\/\/www.cordobatimes.com\/deportes\/futbol\/2014\/08\/07\/martino-se-reunio-con-segura\/","title":{"rendered":"Martino se reuni\u00f3 con Segura"},"content":{"rendered":"<p style=\"text-align: center;\"><a href=\"http:\/\/www.cordobatimes.com\/deportes\/wp-content\/uploads\/2014\/08\/Martino.jpg\"><img loading=\"lazy\" decoding=\"async\" class=\"size-full wp-image-18070 aligncenter\" alt=\"Martino\" src=\"http:\/\/www.cordobatimes.com\/deportes\/wp-content\/uploads\/2014\/08\/Martino.jpg\" width=\"615\" height=\"409\" data-id=\"18070\" srcset=\"https:\/\/www.cordobatimes.com\/deportes\/wp-content\/uploads\/2014\/08\/Martino.jpg 615w, https:\/\/www.cordobatimes.com\/deportes\/wp-content\/uploads\/2014\/08\/Martino-300x199.jpg 300w\" sizes=\"auto, (max-width: 615px) 100vw, 615px\" \/><\/a><\/p>\n<h3 style=\"text-align: justify;\"><b>El Tata y Luis Segura se reunieron en lo que fue el primer contacto formal para que el ex \u2013 t\u00e9cnico del Barcelona sea el sucesor de Sabella en la selecci\u00f3n. Quedaron en continuar con las negociaciones.<\/b><\/h3>\n<p style=\"text-align: justify;\">\n<p style=\"text-align: justify;\">\n<p style=\"text-align: justify;\">Gerardo Martino y Luis Segura se vieron las caras esta tarde en la casa de Julio Grondona (Hijo), para avanzar con las negociaciones y que el Tata se convierta en el nuevo director t\u00e9cnico de la Selecci\u00f3n Argentina. El entrenador rosarino se retir\u00f3 con una propuesta formal y quedaron en seguir con las charlas.<\/p>\n<p style=\"text-align: justify;\">Segura, actualmente presidente de la AFA, no quiso dar declaraciones una vez finalizado el encuentro. Los aspectos que quedan por ver van desde lo econ\u00f3mico a lo organizacional, como el manejo de los seleccionados juveniles.<\/p>\n<p style=\"text-align: justify;\">Una vez consumada la renuncia de Sabella, el propio Julio Grondona hab\u00eda elegido a Martino como el sucesor. Segura ya hab\u00eda adelantado que el puesto iba a ser ofrecido al Tata y que no se estaba manejando otra alternativa.<\/p>\n","protected":false},"excerpt":{"rendered":"<p>El Tata y Luis Segura se reunieron en lo que fue el primer contacto formal para que el ex \u2013 t\u00e9cnico del Barcelona sea el sucesor de Sabella en la selecci\u00f3n. Quedaron en continuar con las negociaciones. Gerardo Martino y Luis Segura se vieron las caras esta tarde en la casa de Julio Grondona (Hijo), [&hellip;]<\/p>\n","protected":false},"author":15,"featured_media":18070,"comment_status":"open","ping_status":"open","sticky":false,"template":"","format":"standard","meta":{"_seopress_robots_primary_cat":"","_seopress_titles_title":"","_seopress_titles_desc":"","_seopress_robots_index":"","footnotes":""},"categories":[2],"tags":[33,64,2803,865,3649,542],"class_list":["post-18069","post","type-post","status-publish","format-standard","has-post-thumbnail","hentry","category-futbol","tag-afa","tag-futbol-2","tag-gerardo-martino","tag-julio-grondona","tag-luis-segura","tag-seleccion-argentina"],"_links":{"self":[{"href":"https:\/\/www.cordobatimes.com\/deportes\/wp-json\/wp\/v2\/posts\/18069","targetHints":{"allow":["GET"]}}],"collection":[{"href":"https:\/\/www.cordobatimes.com\/deportes\/wp-json\/wp\/v2\/posts"}],"about":[{"href":"https:\/\/www.cordobatimes.com\/deportes\/wp-json\/wp\/v2\/types\/post"}],"author":[{"embeddable":true,"href":"https:\/\/www.cordobatimes.com\/deportes\/wp-json\/wp\/v2\/users\/15"}],"replies":[{"embeddable":true,"href":"https:\/\/www.cordobatimes.com\/deportes\/wp-json\/wp\/v2\/comments?post=18069"}],"version-history":[{"count":0,"href":"https:\/\/www.cordobatimes.com\/deportes\/wp-json\/wp\/v2\/posts\/18069\/revisions"}],"wp:featuredmedia":[{"embeddable":true,"href":"https:\/\/www.cordobatimes.com\/deportes\/wp-json\/wp\/v2\/media\/18070"}],"wp:attachment":[{"href":"https:\/\/www.cordobatimes.com\/deportes\/wp-json\/wp\/v2\/media?parent=18069"}],"wp:term":[{"taxonomy":"category","embeddable":true,"href":"https:\/\/www.cordobatimes.com\/deportes\/wp-json\/wp\/v2\/categories?post=18069"},{"taxonomy":"post_tag","embeddable":true,"href":"https:\/\/www.cordobatimes.com\/deportes\/wp-json\/wp\/v2\/tags?post=18069"}],"curies":[{"name":"wp","href":"https:\/\/api.w.org\/{rel}","templated":true}]}}