{"id":18016,"date":"2014-08-06T13:38:34","date_gmt":"2014-08-06T16:38:34","guid":{"rendered":"http:\/\/www.cordobatimes.com\/deportes\/?p=18016"},"modified":"2014-08-06T23:37:25","modified_gmt":"2014-08-07T02:37:25","slug":"se-suicido-el-acusado-de-robar-la-historia-clinica-de-schumacher","status":"publish","type":"post","link":"https:\/\/www.cordobatimes.com\/deportes\/automovilismo\/2014\/08\/06\/se-suicido-el-acusado-de-robar-la-historia-clinica-de-schumacher\/","title":{"rendered":"Hallaron muerto al acusado de robar la historia cl\u00ednica de Schumacher"},"content":{"rendered":"<h3><strong><a href=\"http:\/\/www.cordobatimes.com\/deportes\/wp-content\/uploads\/2014\/08\/Schumacher.jpg\"><img loading=\"lazy\" decoding=\"async\" class=\"size-full wp-image-18017 aligncenter\" alt=\"Schumacher\" src=\"http:\/\/www.cordobatimes.com\/deportes\/wp-content\/uploads\/2014\/08\/Schumacher.jpg\" width=\"630\" height=\"341\" data-id=\"18017\" srcset=\"https:\/\/www.cordobatimes.com\/deportes\/wp-content\/uploads\/2014\/08\/Schumacher.jpg 630w, https:\/\/www.cordobatimes.com\/deportes\/wp-content\/uploads\/2014\/08\/Schumacher-300x162.jpg 300w\" sizes=\"auto, (max-width: 630px) 100vw, 630px\" \/><\/a><\/strong><\/h3>\n<h3 style=\"text-align: justify;\"><strong>Seg\u00fan inform\u00f3 la Fiscal\u00eda de Zurich, el hombre que se encontraba detenido desde el martes por el caso decidi\u00f3 quitarse la vida en su celda.\u00a0<\/strong><\/h3>\n<p>&nbsp;<\/p>\n<p style=\"text-align: justify;\">El implicado trabajaba para la empresa Rega, la cual estuvo a cargo del traslado del siete veces campe\u00f3n mundial de F\u00f3rmula Uno desde un hospital en Francia hacia un sanatorio en Suiza, lugar en el cual, actualmente, contin\u00faa con su recuperaci\u00f3n tras el accidente de esqu\u00ed del 29 de diciembre que lo mantuvo en coma durante varios meses.<\/p>\n<p style=\"text-align: justify;\">Hace pocas horas, al hombre, quien hab\u00eda sido detenido preventivamente durante el martes, lo encontraron colgado en la celda que ocupaba. La investigaci\u00f3n a cargo de la Fiscal\u00eda de Zurich confirm\u00f3 el suicidio, a la vez que indic\u00f3 la falta de otro sospechoso en relaci\u00f3n al robo de los informes m\u00e9dicos del piloto.<\/p>\n","protected":false},"excerpt":{"rendered":"<p>Seg\u00fan inform\u00f3 la Fiscal\u00eda de Zurich, el hombre que se encontraba detenido desde el martes por el caso decidi\u00f3 quitarse la vida en su celda.\u00a0 &nbsp; El implicado trabajaba para la empresa Rega, la cual estuvo a cargo del traslado del siete veces campe\u00f3n mundial de F\u00f3rmula Uno desde un hospital en Francia hacia un [&hellip;]<\/p>\n","protected":false},"author":2,"featured_media":18017,"comment_status":"open","ping_status":"open","sticky":false,"template":"","format":"standard","meta":{"_seopress_robots_primary_cat":"","_seopress_titles_title":"","_seopress_titles_desc":"","_seopress_robots_index":"","footnotes":""},"categories":[1],"tags":[1338,3719],"class_list":["post-18016","post","type-post","status-publish","format-standard","has-post-thumbnail","hentry","category-automovilismo","tag-schumacher","tag-se-suicido-el-acusado-de-robar-informe-medico-de-schumacher"],"_links":{"self":[{"href":"https:\/\/www.cordobatimes.com\/deportes\/wp-json\/wp\/v2\/posts\/18016","targetHints":{"allow":["GET"]}}],"collection":[{"href":"https:\/\/www.cordobatimes.com\/deportes\/wp-json\/wp\/v2\/posts"}],"about":[{"href":"https:\/\/www.cordobatimes.com\/deportes\/wp-json\/wp\/v2\/types\/post"}],"author":[{"embeddable":true,"href":"https:\/\/www.cordobatimes.com\/deportes\/wp-json\/wp\/v2\/users\/2"}],"replies":[{"embeddable":true,"href":"https:\/\/www.cordobatimes.com\/deportes\/wp-json\/wp\/v2\/comments?post=18016"}],"version-history":[{"count":0,"href":"https:\/\/www.cordobatimes.com\/deportes\/wp-json\/wp\/v2\/posts\/18016\/revisions"}],"wp:featuredmedia":[{"embeddable":true,"href":"https:\/\/www.cordobatimes.com\/deportes\/wp-json\/wp\/v2\/media\/18017"}],"wp:attachment":[{"href":"https:\/\/www.cordobatimes.com\/deportes\/wp-json\/wp\/v2\/media?parent=18016"}],"wp:term":[{"taxonomy":"category","embeddable":true,"href":"https:\/\/www.cordobatimes.com\/deportes\/wp-json\/wp\/v2\/categories?post=18016"},{"taxonomy":"post_tag","embeddable":true,"href":"https:\/\/www.cordobatimes.com\/deportes\/wp-json\/wp\/v2\/tags?post=18016"}],"curies":[{"name":"wp","href":"https:\/\/api.w.org\/{rel}","templated":true}]}}