{"id":18011,"date":"2014-08-06T13:07:49","date_gmt":"2014-08-06T16:07:49","guid":{"rendered":"http:\/\/www.cordobatimes.com\/deportes\/?p=18011"},"modified":"2014-08-06T13:07:49","modified_gmt":"2014-08-06T16:07:49","slug":"alvaro-arbeloa-sorprendio-a-todos-con-su-nueva-adquisicion","status":"publish","type":"post","link":"https:\/\/www.cordobatimes.com\/deportes\/futbol-internacional\/2014\/08\/06\/alvaro-arbeloa-sorprendio-a-todos-con-su-nueva-adquisicion\/","title":{"rendered":"\u00c1lvaro Arbeloa sorprendi\u00f3 a todos con su nueva adquisici\u00f3n"},"content":{"rendered":"<h3><strong><a href=\"http:\/\/www.cordobatimes.com\/deportes\/wp-content\/uploads\/2014\/08\/Arbeloa1.jpg\"><img loading=\"lazy\" decoding=\"async\" class=\"size-full wp-image-18012 aligncenter\" alt=\"Arbeloa1\" src=\"http:\/\/www.cordobatimes.com\/deportes\/wp-content\/uploads\/2014\/08\/Arbeloa1.jpg\" width=\"642\" height=\"336\" data-id=\"18012\" srcset=\"https:\/\/www.cordobatimes.com\/deportes\/wp-content\/uploads\/2014\/08\/Arbeloa1.jpg 642w, https:\/\/www.cordobatimes.com\/deportes\/wp-content\/uploads\/2014\/08\/Arbeloa1-300x157.jpg 300w\" sizes=\"auto, (max-width: 642px) 100vw, 642px\" \/><\/a><\/strong><\/h3>\n<h3 style=\"text-align: justify;\"><strong>El jugador espa\u00f1ol que milita en el Real Madrid lleg\u00f3 al entrenamiento a bordo de un Morgan 3 Wheeler, una extra\u00f1a mezcla entre un auto cl\u00e1sico y una motocicleta. Mir\u00e1 la foto.<\/strong><\/h3>\n<p style=\"text-align: justify;\">\n<p style=\"text-align: justify;\">El ex\u00f3tico veh\u00edculo tiene un valor de 50 mil euros, quiz\u00e1s apenas un vuelto para el futbolista Merengue. Es de reciente creaci\u00f3n pero inspirado en un modelo de 1909. Cuenta en su interior con componentes actuales y el peso es de 500 kg, impulsados por un motor V2, colocado al aire en la parte delantera.<\/p>\n<p style=\"text-align: justify;\">La llegada de Arbeloa a Valdebebas, donde el Madrid cuenta con su ciudad deportiva, gener\u00f3 la sorpresa de los hinchas presentes en las afueras, que le pidieron fotos y se asombraron con el nuevo &#8220;juguete&#8221; del marcador lateral.<\/p>\n<p style=\"text-align: center;\">\n<a href=\"http:\/\/www.cordobatimes.com\/deportes\/wp-content\/uploads\/2014\/08\/Arbeloa.jpg\"><img loading=\"lazy\" decoding=\"async\" class=\"size-full wp-image-18014 aligncenter\" alt=\"Arbeloa\" src=\"http:\/\/www.cordobatimes.com\/deportes\/wp-content\/uploads\/2014\/08\/Arbeloa.jpg\" width=\"595\" height=\"320\" data-id=\"18014\" srcset=\"https:\/\/www.cordobatimes.com\/deportes\/wp-content\/uploads\/2014\/08\/Arbeloa.jpg 595w, https:\/\/www.cordobatimes.com\/deportes\/wp-content\/uploads\/2014\/08\/Arbeloa-300x161.jpg 300w\" sizes=\"auto, (max-width: 595px) 100vw, 595px\" \/><\/a><\/p>\n","protected":false},"excerpt":{"rendered":"<p>El jugador espa\u00f1ol que milita en el Real Madrid lleg\u00f3 al entrenamiento a bordo de un Morgan 3 Wheeler, una extra\u00f1a mezcla entre un auto cl\u00e1sico y una motocicleta. Mir\u00e1 la foto. El ex\u00f3tico veh\u00edculo tiene un valor de 50 mil euros, quiz\u00e1s apenas un vuelto para el futbolista Merengue. Es de reciente creaci\u00f3n pero [&hellip;]<\/p>\n","protected":false},"author":2,"featured_media":18012,"comment_status":"open","ping_status":"open","sticky":false,"template":"","format":"standard","meta":{"_seopress_robots_primary_cat":"","_seopress_titles_title":"","_seopress_titles_desc":"","_seopress_robots_index":"","footnotes":""},"categories":[18],"tags":[3715,3716,3718,3717,70],"class_list":["post-18011","post","type-post","status-publish","format-standard","has-post-thumbnail","hentry","category-futbol-internacional","tag-alvaro-arbeloa","tag-auto","tag-morgan-3-wheeler","tag-moto","tag-real-madrid"],"_links":{"self":[{"href":"https:\/\/www.cordobatimes.com\/deportes\/wp-json\/wp\/v2\/posts\/18011","targetHints":{"allow":["GET"]}}],"collection":[{"href":"https:\/\/www.cordobatimes.com\/deportes\/wp-json\/wp\/v2\/posts"}],"about":[{"href":"https:\/\/www.cordobatimes.com\/deportes\/wp-json\/wp\/v2\/types\/post"}],"author":[{"embeddable":true,"href":"https:\/\/www.cordobatimes.com\/deportes\/wp-json\/wp\/v2\/users\/2"}],"replies":[{"embeddable":true,"href":"https:\/\/www.cordobatimes.com\/deportes\/wp-json\/wp\/v2\/comments?post=18011"}],"version-history":[{"count":0,"href":"https:\/\/www.cordobatimes.com\/deportes\/wp-json\/wp\/v2\/posts\/18011\/revisions"}],"wp:featuredmedia":[{"embeddable":true,"href":"https:\/\/www.cordobatimes.com\/deportes\/wp-json\/wp\/v2\/media\/18012"}],"wp:attachment":[{"href":"https:\/\/www.cordobatimes.com\/deportes\/wp-json\/wp\/v2\/media?parent=18011"}],"wp:term":[{"taxonomy":"category","embeddable":true,"href":"https:\/\/www.cordobatimes.com\/deportes\/wp-json\/wp\/v2\/categories?post=18011"},{"taxonomy":"post_tag","embeddable":true,"href":"https:\/\/www.cordobatimes.com\/deportes\/wp-json\/wp\/v2\/tags?post=18011"}],"curies":[{"name":"wp","href":"https:\/\/api.w.org\/{rel}","templated":true}]}}