{"id":17866,"date":"2014-08-03T12:00:57","date_gmt":"2014-08-03T15:00:57","guid":{"rendered":"http:\/\/www.cordobatimes.com\/deportes\/?p=17866"},"modified":"2014-08-03T13:08:09","modified_gmt":"2014-08-03T16:08:09","slug":"la-joya-chaves-fue-descalificado-en-las-vegas","status":"publish","type":"post","link":"https:\/\/www.cordobatimes.com\/deportes\/polideportivo\/2014\/08\/03\/la-joya-chaves-fue-descalificado-en-las-vegas\/","title":{"rendered":"La Joya Chaves fue descalificado en Las Vegas"},"content":{"rendered":"<h3><strong><a href=\"http:\/\/www.cordobatimes.com\/deportes\/wp-content\/uploads\/2014\/08\/Chavez.jpg\"><img loading=\"lazy\" decoding=\"async\" class=\"size-full wp-image-17867 aligncenter\" alt=\"Chavez\" src=\"http:\/\/www.cordobatimes.com\/deportes\/wp-content\/uploads\/2014\/08\/Chavez.jpg\" width=\"620\" height=\"413\" data-id=\"17867\" srcset=\"https:\/\/www.cordobatimes.com\/deportes\/wp-content\/uploads\/2014\/08\/Chavez.jpg 620w, https:\/\/www.cordobatimes.com\/deportes\/wp-content\/uploads\/2014\/08\/Chavez-300x199.jpg 300w\" sizes=\"auto, (max-width: 620px) 100vw, 620px\" \/><\/a><\/strong><\/h3>\n<h3><strong>El boxeador argentino fue sancionado en el noveno round de la pelea que ten\u00eda frente al estadounidense Brandon R\u00edos. Hasta esa altura, las tarjetas beneficiaban al bonaerense.<\/strong><\/h3>\n<p>&nbsp;<\/p>\n<p style=\"text-align: justify;\">Diego &#8220;La Joya&#8221; Chaves, ex titular interino welter AMB, perdi\u00f3 anoche por descalificaci\u00f3n en el noveno asalto con el estadounidense Brandon R\u00edos, ex campe\u00f3n ligero y superligero, en una pelea sin t\u00edtulo en juego que se desarroll\u00f3 en Las Vegas.<\/p>\n<p style=\"text-align: justify;\">La velada se llev\u00f3 a cabo en el Chelsea Arena del Cosmopolitan, donde el argentino se revolc\u00f3 por la lona en el primer asalto y sufri\u00f3 el descuento de un punto en el tercero por pegar luego de la orden del \u00e1rbitro, pero no dej\u00f3 que eso lo amedrentara.<\/p>\n<p style=\"text-align: justify;\">Por eso los puntos perdidos los fue recuperando despu\u00e9s, merced a su coraje para atacar a R\u00edos primero y porque el californiano tambi\u00e9n sufri\u00f3 el descuento de un punto en la quinta vuelta por acci\u00f3n antirreglamentaria.<\/p>\n<p style=\"text-align: justify;\">Pero Chaves, que estuvo a punto de suspender su combate en Estados Unidos porque ese pa\u00eds tiene colapsado el sistema de otorgamiento de visas desde hace 15 d\u00edas, volvi\u00f3 a sufrir otro punto de descuento en el octavo round.<\/p>\n<p style=\"text-align: justify;\">Y en el siguiente, la tercera fue la vencida, ya que tom\u00f3 del cuello a su rival y ambos cayeron al piso. Cuando se incorporaron, el argentino fue descalificado y perdi\u00f3 as\u00ed el primer combate de su carrera.<\/p>\n<p style=\"text-align: justify;\">El pugilista de San Miguel (23-1-1\/ 19 ko) hizo su segundo combate tras haber resignado el t\u00edtulo interino welter AMB ante el estadounidense Keith Thurman, quien lo derrot\u00f3 por nocaut en 10 rounds, en agosto de 2013, en San Antonio, Texas.<\/p>\n<p style=\"text-align: justify;\">En la semana Chaves dijo que en realidad su pasi\u00f3n no era el boxeo, porque &#8220;esto es pelear y nada m\u00e1s&#8221;, sino &#8220;el f\u00fatbol, porque ser jugador siempre fue un sue\u00f1o&#8221; en su vida. Por eso, quiz\u00e1s, anoche subi\u00f3 al ring luciendo la camiseta de Lucas Pratto, el delantero de V\u00e9lez Sarsfield, equipo del que es hincha.<\/p>\n<p style=\"text-align: justify;\">R\u00edos (32-2-1\/ 22 ko), de Oxnard, California, pupilo de Robert Garc\u00eda (entrenador de Marcos &#8220;Chino&#8221; Maidana), combati\u00f3 por primera vez en 2014, despu\u00e9s de perder en decisi\u00f3n t\u00e9cnica en 12 asaltos con el filipino Manny Pacquiao, el 24 de noviembre pasado, en el Cotai Arena Venetian Resort de Macao..<\/p>\n<p style=\"text-align: justify;\">Fuente: TELAM<\/p>\n","protected":false},"excerpt":{"rendered":"<p>El boxeador argentino fue sancionado en el noveno round de la pelea que ten\u00eda frente al estadounidense Brandon R\u00edos. Hasta esa altura, las tarjetas beneficiaban al bonaerense. &nbsp; Diego &#8220;La Joya&#8221; Chaves, ex titular interino welter AMB, perdi\u00f3 anoche por descalificaci\u00f3n en el noveno asalto con el estadounidense Brandon R\u00edos, ex campe\u00f3n ligero y superligero, [&hellip;]<\/p>\n","protected":false},"author":2,"featured_media":17867,"comment_status":"open","ping_status":"open","sticky":false,"template":"","format":"standard","meta":{"_seopress_robots_primary_cat":"","_seopress_titles_title":"","_seopress_titles_desc":"","_seopress_robots_index":"","footnotes":""},"categories":[7,6],"tags":[5561,3669],"class_list":["post-17866","post","type-post","status-publish","format-standard","has-post-thumbnail","hentry","category-boxeo","category-polideportivo","tag-boxeo","tag-la-joya-chaves"],"_links":{"self":[{"href":"https:\/\/www.cordobatimes.com\/deportes\/wp-json\/wp\/v2\/posts\/17866","targetHints":{"allow":["GET"]}}],"collection":[{"href":"https:\/\/www.cordobatimes.com\/deportes\/wp-json\/wp\/v2\/posts"}],"about":[{"href":"https:\/\/www.cordobatimes.com\/deportes\/wp-json\/wp\/v2\/types\/post"}],"author":[{"embeddable":true,"href":"https:\/\/www.cordobatimes.com\/deportes\/wp-json\/wp\/v2\/users\/2"}],"replies":[{"embeddable":true,"href":"https:\/\/www.cordobatimes.com\/deportes\/wp-json\/wp\/v2\/comments?post=17866"}],"version-history":[{"count":0,"href":"https:\/\/www.cordobatimes.com\/deportes\/wp-json\/wp\/v2\/posts\/17866\/revisions"}],"wp:featuredmedia":[{"embeddable":true,"href":"https:\/\/www.cordobatimes.com\/deportes\/wp-json\/wp\/v2\/media\/17867"}],"wp:attachment":[{"href":"https:\/\/www.cordobatimes.com\/deportes\/wp-json\/wp\/v2\/media?parent=17866"}],"wp:term":[{"taxonomy":"category","embeddable":true,"href":"https:\/\/www.cordobatimes.com\/deportes\/wp-json\/wp\/v2\/categories?post=17866"},{"taxonomy":"post_tag","embeddable":true,"href":"https:\/\/www.cordobatimes.com\/deportes\/wp-json\/wp\/v2\/tags?post=17866"}],"curies":[{"name":"wp","href":"https:\/\/api.w.org\/{rel}","templated":true}]}}