{"id":17840,"date":"2014-08-02T12:40:20","date_gmt":"2014-08-02T15:40:20","guid":{"rendered":"http:\/\/www.cordobatimes.com\/deportes\/?p=17840"},"modified":"2014-08-02T12:40:20","modified_gmt":"2014-08-02T15:40:20","slug":"grave-lesion-de-paul-george-en-un-partido-amistoso-video","status":"publish","type":"post","link":"https:\/\/www.cordobatimes.com\/deportes\/basquet\/2014\/08\/02\/grave-lesion-de-paul-george-en-un-partido-amistoso-video\/","title":{"rendered":"Grave lesi\u00f3n de Paul George en un partido amistoso (Video)"},"content":{"rendered":"<h3><strong><a href=\"http:\/\/www.cordobatimes.com\/deportes\/wp-content\/uploads\/2014\/08\/Paul-George.jpg\"><img loading=\"lazy\" decoding=\"async\" class=\"size-large wp-image-17841 aligncenter\" alt=\"Paul George\" src=\"http:\/\/www.cordobatimes.com\/deportes\/wp-content\/uploads\/2014\/08\/Paul-George-1024x512.jpg\" width=\"1024\" height=\"512\" data-id=\"17841\" srcset=\"https:\/\/www.cordobatimes.com\/deportes\/wp-content\/uploads\/2014\/08\/Paul-George-1024x512.jpg 1024w, https:\/\/www.cordobatimes.com\/deportes\/wp-content\/uploads\/2014\/08\/Paul-George-300x150.jpg 300w, https:\/\/www.cordobatimes.com\/deportes\/wp-content\/uploads\/2014\/08\/Paul-George-640x320.jpg 640w, https:\/\/www.cordobatimes.com\/deportes\/wp-content\/uploads\/2014\/08\/Paul-George.jpg 1200w\" sizes=\"auto, (max-width: 1024px) 100vw, 1024px\" \/><\/a><\/strong><\/h3>\n<h3 style=\"text-align: justify;\"><strong>El jugador perteneciente a Indiana Pacers realizaba una exhibici\u00f3n junto a la selecci\u00f3n de Estados Unidos y en una acci\u00f3n desafortunada sufri\u00f3 la rotura de tibia y peron\u00e9. De esta forma, se perder\u00e1 el Mundial a disputarse en Espa\u00f1a.<\/strong><\/h3>\n<p style=\"text-align: justify;\">\n<p style=\"text-align: justify;\">La jugada se produjo cuando George salt\u00f3 para evitar una canasta de James Harden. En la ca\u00edda impact\u00f3 contra la base del aro, produci\u00e9ndose la lesi\u00f3n. El encuentro de preparaci\u00f3n realizado en Las Vegas se suspendi\u00f3 inmediatamente, dejando conmocionados a sus compa\u00f1eros y p\u00fablico presente.<\/p>\n<p style=\"text-align: justify;\">Horas m\u00e1s tarde, a trav\u00e9s de su cuenta de Twitter (@Paul_George24), el batquetbolista expres\u00f3:\u00a0&#8220;Gracias a todos por el amor y el aliento. Voy a estar bien y a regresar mejor que nunca&#8221;.<\/p>\n<p style=\"text-align: justify;\">Mir\u00e1 la acci\u00f3n:<\/p>\n<p>\u00a0<iframe loading=\"lazy\" src=\"\/\/www.youtube.com\/embed\/Fi2R0IlCXlA?rel=0\" height=\"315\" width=\"560\" allowfullscreen=\"\" frameborder=\"0\"><\/iframe><\/p>\n","protected":false},"excerpt":{"rendered":"<p>El jugador perteneciente a Indiana Pacers realizaba una exhibici\u00f3n junto a la selecci\u00f3n de Estados Unidos y en una acci\u00f3n desafortunada sufri\u00f3 la rotura de tibia y peron\u00e9. De esta forma, se perder\u00e1 el Mundial a disputarse en Espa\u00f1a. La jugada se produjo cuando George salt\u00f3 para evitar una canasta de James Harden. En la [&hellip;]<\/p>\n","protected":false},"author":2,"featured_media":17841,"comment_status":"open","ping_status":"open","sticky":false,"template":"","format":"standard","meta":{"_seopress_robots_primary_cat":"","_seopress_titles_title":"","_seopress_titles_desc":"","_seopress_robots_index":"","footnotes":""},"categories":[3],"tags":[2110,368,2517,3660],"class_list":{"0":"post-17840","1":"post","2":"type-post","3":"status-publish","4":"format-standard","5":"has-post-thumbnail","6":"hentry","7":"category-basquet","8":"tag-las-vegas","9":"tag-lesion","11":"tag-paul-george"},"_links":{"self":[{"href":"https:\/\/www.cordobatimes.com\/deportes\/wp-json\/wp\/v2\/posts\/17840","targetHints":{"allow":["GET"]}}],"collection":[{"href":"https:\/\/www.cordobatimes.com\/deportes\/wp-json\/wp\/v2\/posts"}],"about":[{"href":"https:\/\/www.cordobatimes.com\/deportes\/wp-json\/wp\/v2\/types\/post"}],"author":[{"embeddable":true,"href":"https:\/\/www.cordobatimes.com\/deportes\/wp-json\/wp\/v2\/users\/2"}],"replies":[{"embeddable":true,"href":"https:\/\/www.cordobatimes.com\/deportes\/wp-json\/wp\/v2\/comments?post=17840"}],"version-history":[{"count":0,"href":"https:\/\/www.cordobatimes.com\/deportes\/wp-json\/wp\/v2\/posts\/17840\/revisions"}],"wp:featuredmedia":[{"embeddable":true,"href":"https:\/\/www.cordobatimes.com\/deportes\/wp-json\/wp\/v2\/media\/17841"}],"wp:attachment":[{"href":"https:\/\/www.cordobatimes.com\/deportes\/wp-json\/wp\/v2\/media?parent=17840"}],"wp:term":[{"taxonomy":"category","embeddable":true,"href":"https:\/\/www.cordobatimes.com\/deportes\/wp-json\/wp\/v2\/categories?post=17840"},{"taxonomy":"post_tag","embeddable":true,"href":"https:\/\/www.cordobatimes.com\/deportes\/wp-json\/wp\/v2\/tags?post=17840"}],"curies":[{"name":"wp","href":"https:\/\/api.w.org\/{rel}","templated":true}]}}