{"id":17834,"date":"2014-08-01T18:56:30","date_gmt":"2014-08-01T21:56:30","guid":{"rendered":"http:\/\/www.cordobatimes.com\/deportes\/?p=17834"},"modified":"2014-08-01T18:56:30","modified_gmt":"2014-08-01T21:56:30","slug":"belgrano-derroto-a-libertad-de-sunchales","status":"publish","type":"post","link":"https:\/\/www.cordobatimes.com\/deportes\/futbol\/2014\/08\/01\/belgrano-derroto-a-libertad-de-sunchales\/","title":{"rendered":"Belgrano derrot\u00f3 a Libertad de Sunchales"},"content":{"rendered":"<p style=\"text-align: center;\"><a href=\"http:\/\/www.cordobatimes.com\/deportes\/wp-content\/uploads\/2014\/08\/Belgrano.jpg\"><img loading=\"lazy\" decoding=\"async\" class=\"size-full wp-image-17835 aligncenter\" alt=\"Belgrano\" src=\"http:\/\/www.cordobatimes.com\/deportes\/wp-content\/uploads\/2014\/08\/Belgrano.jpg\" width=\"700\" height=\"506\" data-id=\"17835\" srcset=\"https:\/\/www.cordobatimes.com\/deportes\/wp-content\/uploads\/2014\/08\/Belgrano.jpg 700w, https:\/\/www.cordobatimes.com\/deportes\/wp-content\/uploads\/2014\/08\/Belgrano-300x216.jpg 300w\" sizes=\"auto, (max-width: 700px) 100vw, 700px\" \/><\/a><\/p>\n<h3 style=\"text-align: justify;\"><b>El conjunto de Ricardo Zielinski gole\u00f3 por 4 a 1 al conjunto de la Provincia de Santa Fe. Rigoni, Vel\u00e1zquez, Farr\u00e9 y Pereyra marcaron para el Pirata, mientras que Lema le dio el empate a la visita mediante un gol en contra.<\/b><\/h3>\n<h3 style=\"text-align: justify;\"><\/h3>\n<p style=\"text-align: justify;\">Esta ma\u00f1ana, en el predio de Villa Esqui\u00fa, Belgrano vapule\u00f3 a Libertad por 4-1 en un amistoso de preparaci\u00f3n para el inicio del campeonato de Primera Divisi\u00f3n.<\/p>\n<p style=\"text-align: justify;\">Emiliano Rigoni abri\u00f3 el marcador a los 5 minutos del primer tiempo, y en el segundo lo definieron Jorge Vel\u00e1zquez (19 min.), Guillermo Farr\u00e9 (36 min.), y C\u00e9sar Pereyra (45 min.). La visita lleg\u00f3 al empate transitorio con un tanto en contra de Cristian Lema, refuerzo de la \u201cB\u201d de cara a la nueva temporada.<\/p>\n<p style=\"text-align: justify;\">La formaci\u00f3n Celeste fue: Juan Carlos Olave; Pier Barrios, Lucas Avelda\u00f1o, Cristian Lema y Carlos Soto (Renzo Saravia); Emiliano Rigoni (C\u00e9sar Mansanelli), Guillermo Farr\u00e9, Lucas Pittinari, Jorge Vel\u00e1zquez; C\u00e9sar Pereyra y Jerry Begtson (Fernando M\u00e1rquez).<\/p>\n<p style=\"text-align: justify;\">Belgrano debutar\u00e1 en el Torneo de Transici\u00f3n el pr\u00f3ximo mi\u00e9rcoles 13 frente a Lan\u00fas en condici\u00f3n de visitante.<\/p>\n","protected":false},"excerpt":{"rendered":"<p>El conjunto de Ricardo Zielinski gole\u00f3 por 4 a 1 al conjunto de la Provincia de Santa Fe. Rigoni, Vel\u00e1zquez, Farr\u00e9 y Pereyra marcaron para el Pirata, mientras que Lema le dio el empate a la visita mediante un gol en contra. Esta ma\u00f1ana, en el predio de Villa Esqui\u00fa, Belgrano vapule\u00f3 a Libertad por [&hellip;]<\/p>\n","protected":false},"author":15,"featured_media":17835,"comment_status":"open","ping_status":"open","sticky":false,"template":"","format":"standard","meta":{"_seopress_robots_primary_cat":"","_seopress_titles_title":"","_seopress_titles_desc":"","_seopress_robots_index":"","footnotes":""},"categories":[2,16],"tags":[694,37,3636,3536,3657],"class_list":["post-17834","post","type-post","status-publish","format-standard","has-post-thumbnail","hentry","category-futbol","category-primera-division","tag-amistoso","tag-belgrano","tag-libertad-de-sunchales","tag-primera-divison","tag-villa-esquiu"],"_links":{"self":[{"href":"https:\/\/www.cordobatimes.com\/deportes\/wp-json\/wp\/v2\/posts\/17834","targetHints":{"allow":["GET"]}}],"collection":[{"href":"https:\/\/www.cordobatimes.com\/deportes\/wp-json\/wp\/v2\/posts"}],"about":[{"href":"https:\/\/www.cordobatimes.com\/deportes\/wp-json\/wp\/v2\/types\/post"}],"author":[{"embeddable":true,"href":"https:\/\/www.cordobatimes.com\/deportes\/wp-json\/wp\/v2\/users\/15"}],"replies":[{"embeddable":true,"href":"https:\/\/www.cordobatimes.com\/deportes\/wp-json\/wp\/v2\/comments?post=17834"}],"version-history":[{"count":0,"href":"https:\/\/www.cordobatimes.com\/deportes\/wp-json\/wp\/v2\/posts\/17834\/revisions"}],"wp:featuredmedia":[{"embeddable":true,"href":"https:\/\/www.cordobatimes.com\/deportes\/wp-json\/wp\/v2\/media\/17835"}],"wp:attachment":[{"href":"https:\/\/www.cordobatimes.com\/deportes\/wp-json\/wp\/v2\/media?parent=17834"}],"wp:term":[{"taxonomy":"category","embeddable":true,"href":"https:\/\/www.cordobatimes.com\/deportes\/wp-json\/wp\/v2\/categories?post=17834"},{"taxonomy":"post_tag","embeddable":true,"href":"https:\/\/www.cordobatimes.com\/deportes\/wp-json\/wp\/v2\/tags?post=17834"}],"curies":[{"name":"wp","href":"https:\/\/api.w.org\/{rel}","templated":true}]}}