{"id":17810,"date":"2014-08-01T12:33:02","date_gmt":"2014-08-01T15:33:02","guid":{"rendered":"http:\/\/www.cordobatimes.com\/deportes\/?p=17810"},"modified":"2014-08-01T12:42:59","modified_gmt":"2014-08-01T15:42:59","slug":"messi-y-blatter-tambien-despidieron-a-julio-grondona","status":"publish","type":"post","link":"https:\/\/www.cordobatimes.com\/deportes\/futbol\/2014\/08\/01\/messi-y-blatter-tambien-despidieron-a-julio-grondona\/","title":{"rendered":"Messi y Blatter tambi\u00e9n despidieron a Julio Grondona"},"content":{"rendered":"<h3><strong><a href=\"http:\/\/www.cordobatimes.com\/deportes\/wp-content\/uploads\/2014\/08\/Blatter.jpg\"><img loading=\"lazy\" decoding=\"async\" class=\"size-full wp-image-17827 aligncenter\" alt=\"Blatter\" src=\"http:\/\/www.cordobatimes.com\/deportes\/wp-content\/uploads\/2014\/08\/Blatter.jpg\" width=\"620\" height=\"413\" data-id=\"17827\" srcset=\"https:\/\/www.cordobatimes.com\/deportes\/wp-content\/uploads\/2014\/08\/Blatter.jpg 620w, https:\/\/www.cordobatimes.com\/deportes\/wp-content\/uploads\/2014\/08\/Blatter-300x199.jpg 300w\" sizes=\"auto, (max-width: 620px) 100vw, 620px\" \/><\/a><\/strong><\/h3>\n<h3 style=\"text-align: justify;\"><strong>El 10 argentino, as\u00ed como tambi\u00e9n el Presidente de la FIFA, fueron de las \u00faltimas grandes personalidades en llegar al predio de la AFA, donde se realiz\u00f3 el velatorio del ex dirigente argentino. Ambos se mostraron compungidos por el deceso de &#8220;Don Julio&#8221;.<\/strong><\/h3>\n<p>&nbsp;<\/p>\n<p style=\"text-align: justify;\">Messi arrib\u00f3 al aeropuerto internacional de Ezeiza a las 6.04 en un vuelo de Aerol\u00edneas Argentinas. El capit\u00e1n del seleccionado se encontraba de vacaciones junto a su familia en Italia y, cuando se enter\u00f3 de la noticia se traslad\u00f3 hasta Barcelona y desde all\u00ed a la Argentina. Seg\u00fan comentaron sus allegados, estar\u00e1 solo unas horas y luego regresar\u00e1 para reencontrarse con su mujer e hijo.<\/p>\n<p style=\"text-align: justify;\">A su vez, el m\u00e1ximo directivo de la FIFA, Joseph Blatter, acompa\u00f1\u00f3 a la familia Grondona en este triste momento. Lleg\u00f3 a nuestro pa\u00eds escoltado por gran cantidad de seguridad, se traslad\u00f3 al predio y comparti\u00f3 el momento con varios colegas. Luego se sum\u00f3 al cortejo f\u00fanebre que comenz\u00f3 cerca del mediod\u00eda.<\/p>\n<p style=\"text-align: justify;\">Foto: DyN<\/p>\n","protected":false},"excerpt":{"rendered":"<p>El 10 argentino, as\u00ed como tambi\u00e9n el Presidente de la FIFA, fueron de las \u00faltimas grandes personalidades en llegar al predio de la AFA, donde se realiz\u00f3 el velatorio del ex dirigente argentino. Ambos se mostraron compungidos por el deceso de &#8220;Don Julio&#8221;. &nbsp; Messi arrib\u00f3 al aeropuerto internacional de Ezeiza a las 6.04 en [&hellip;]<\/p>\n","protected":false},"author":2,"featured_media":17811,"comment_status":"open","ping_status":"open","sticky":false,"template":"","format":"standard","meta":{"_seopress_robots_primary_cat":"","_seopress_titles_title":"","_seopress_titles_desc":"","_seopress_robots_index":"","footnotes":""},"categories":[2],"tags":[186,59,88],"class_list":["post-17810","post","type-post","status-publish","format-standard","has-post-thumbnail","hentry","category-futbol","tag-blatter","tag-grondona","tag-messi"],"_links":{"self":[{"href":"https:\/\/www.cordobatimes.com\/deportes\/wp-json\/wp\/v2\/posts\/17810","targetHints":{"allow":["GET"]}}],"collection":[{"href":"https:\/\/www.cordobatimes.com\/deportes\/wp-json\/wp\/v2\/posts"}],"about":[{"href":"https:\/\/www.cordobatimes.com\/deportes\/wp-json\/wp\/v2\/types\/post"}],"author":[{"embeddable":true,"href":"https:\/\/www.cordobatimes.com\/deportes\/wp-json\/wp\/v2\/users\/2"}],"replies":[{"embeddable":true,"href":"https:\/\/www.cordobatimes.com\/deportes\/wp-json\/wp\/v2\/comments?post=17810"}],"version-history":[{"count":0,"href":"https:\/\/www.cordobatimes.com\/deportes\/wp-json\/wp\/v2\/posts\/17810\/revisions"}],"wp:featuredmedia":[{"embeddable":true,"href":"https:\/\/www.cordobatimes.com\/deportes\/wp-json\/wp\/v2\/media\/17811"}],"wp:attachment":[{"href":"https:\/\/www.cordobatimes.com\/deportes\/wp-json\/wp\/v2\/media?parent=17810"}],"wp:term":[{"taxonomy":"category","embeddable":true,"href":"https:\/\/www.cordobatimes.com\/deportes\/wp-json\/wp\/v2\/categories?post=17810"},{"taxonomy":"post_tag","embeddable":true,"href":"https:\/\/www.cordobatimes.com\/deportes\/wp-json\/wp\/v2\/tags?post=17810"}],"curies":[{"name":"wp","href":"https:\/\/api.w.org\/{rel}","templated":true}]}}