{"id":17796,"date":"2014-07-30T21:05:52","date_gmt":"2014-07-31T00:05:52","guid":{"rendered":"http:\/\/www.cordobatimes.com\/deportes\/?p=17796"},"modified":"2014-07-30T21:07:25","modified_gmt":"2014-07-31T00:07:25","slug":"belgrano-bengston-entreno-por-primera-vez-junto-a-sus-companeros-y-anoto-un-gol","status":"publish","type":"post","link":"https:\/\/www.cordobatimes.com\/deportes\/futbol\/2014\/07\/30\/belgrano-bengston-entreno-por-primera-vez-junto-a-sus-companeros-y-anoto-un-gol\/","title":{"rendered":"Belgrano: Bengtson entren\u00f3 por primera vez junto a sus compa\u00f1eros y anot\u00f3 un gol"},"content":{"rendered":"<p style=\"text-align: center;\"><a href=\"http:\/\/www.cordobatimes.com\/deportes\/wp-content\/uploads\/2014\/07\/belgrano3.jpg\"><img loading=\"lazy\" decoding=\"async\" class=\"size-full wp-image-17797 aligncenter\" alt=\"belgrano\" src=\"http:\/\/www.cordobatimes.com\/deportes\/wp-content\/uploads\/2014\/07\/belgrano3.jpg\" width=\"520\" height=\"347\" data-id=\"17797\" srcset=\"https:\/\/www.cordobatimes.com\/deportes\/wp-content\/uploads\/2014\/07\/belgrano3.jpg 520w, https:\/\/www.cordobatimes.com\/deportes\/wp-content\/uploads\/2014\/07\/belgrano3-300x200.jpg 300w\" sizes=\"auto, (max-width: 520px) 100vw, 520px\" \/><\/a><\/p>\n<h3 style=\"text-align: justify;\"><b>El delantero hondure\u00f1o practic\u00f3 con sus nuevos compa\u00f1eros e hizo un gol. Esta fue la primera experiencia del jugador en el predio de Villa Esqui\u00fa.<\/b><\/h3>\n<p style=\"text-align: justify;\">\n<p style=\"text-align: justify;\">\n<p style=\"text-align: justify;\">Jerry Bengtson practico por primera vez junto al resto del plantel pirata y cumpli\u00f3 con el objetivo para el que lo trajeron: anot\u00f3 un gol. La falta de anotaciones viene siendo un constante problema para el equipo de Ricardo Zielinski.<\/p>\n<p style=\"text-align: justify;\">En su primer entrenamiento en Villa Esqui\u00fa, el futbolista de Honduras meti\u00f3 un gol con su pierna derecha y sum\u00f3 sus primeros minutos de f\u00fatbol en el conjunto de Alberdi. Bengtson viene de ser parte del seleccionado hondure\u00f1o que particip\u00f3 del Mundial de Brasil.<\/p>\n<p style=\"text-align: justify;\">Primero realiz\u00f3 trabajos f\u00edsicos, para luego formar parte del grupo de jugadores que realizaron un partido. Estos fueron los que no estuvieron en el choque del lunes ante Independiente por los 16avos de final de la Copa Argentina. All\u00ed el Pirata cay\u00f3 por 2 a 0 ante el \u201cRojo\u201d de Avellaneda.<\/p>\n<p style=\"text-align: justify;\">Una vez terminada la pr\u00e1ctica, el delantero dijo: \u201cMe sent\u00ed muy bien. Me gusta mucho el club, est\u00e1 muy bien. Las canchas est\u00e1n bien cuidadas y en excelentes condiciones\u201d.<\/p>\n","protected":false},"excerpt":{"rendered":"<p>El delantero hondure\u00f1o practic\u00f3 con sus nuevos compa\u00f1eros e hizo un gol. Esta fue la primera experiencia del jugador en el predio de Villa Esqui\u00fa. Jerry Bengtson practico por primera vez junto al resto del plantel pirata y cumpli\u00f3 con el objetivo para el que lo trajeron: anot\u00f3 un gol. La falta de anotaciones viene [&hellip;]<\/p>\n","protected":false},"author":15,"featured_media":17797,"comment_status":"open","ping_status":"open","sticky":false,"template":"","format":"standard","meta":{"_seopress_robots_primary_cat":"","_seopress_titles_title":"","_seopress_titles_desc":"","_seopress_robots_index":"","footnotes":""},"categories":[2,16],"tags":[33,37,3653,3079,3536],"class_list":["post-17796","post","type-post","status-publish","format-standard","has-post-thumbnail","hentry","category-futbol","category-primera-division","tag-afa","tag-belgrano","tag-jerry-bengtson","tag-pirata","tag-primera-divison"],"_links":{"self":[{"href":"https:\/\/www.cordobatimes.com\/deportes\/wp-json\/wp\/v2\/posts\/17796","targetHints":{"allow":["GET"]}}],"collection":[{"href":"https:\/\/www.cordobatimes.com\/deportes\/wp-json\/wp\/v2\/posts"}],"about":[{"href":"https:\/\/www.cordobatimes.com\/deportes\/wp-json\/wp\/v2\/types\/post"}],"author":[{"embeddable":true,"href":"https:\/\/www.cordobatimes.com\/deportes\/wp-json\/wp\/v2\/users\/15"}],"replies":[{"embeddable":true,"href":"https:\/\/www.cordobatimes.com\/deportes\/wp-json\/wp\/v2\/comments?post=17796"}],"version-history":[{"count":0,"href":"https:\/\/www.cordobatimes.com\/deportes\/wp-json\/wp\/v2\/posts\/17796\/revisions"}],"wp:featuredmedia":[{"embeddable":true,"href":"https:\/\/www.cordobatimes.com\/deportes\/wp-json\/wp\/v2\/media\/17797"}],"wp:attachment":[{"href":"https:\/\/www.cordobatimes.com\/deportes\/wp-json\/wp\/v2\/media?parent=17796"}],"wp:term":[{"taxonomy":"category","embeddable":true,"href":"https:\/\/www.cordobatimes.com\/deportes\/wp-json\/wp\/v2\/categories?post=17796"},{"taxonomy":"post_tag","embeddable":true,"href":"https:\/\/www.cordobatimes.com\/deportes\/wp-json\/wp\/v2\/tags?post=17796"}],"curies":[{"name":"wp","href":"https:\/\/api.w.org\/{rel}","templated":true}]}}