{"id":17778,"date":"2014-07-30T11:58:11","date_gmt":"2014-07-30T14:58:11","guid":{"rendered":"http:\/\/www.cordobatimes.com\/deportes\/?p=17778"},"modified":"2014-07-30T11:58:11","modified_gmt":"2014-07-30T14:58:11","slug":"trezeguet-seguira-su-carrera-en-india","status":"publish","type":"post","link":"https:\/\/www.cordobatimes.com\/deportes\/futbol\/2014\/07\/30\/trezeguet-seguira-su-carrera-en-india\/","title":{"rendered":"Trezeguet seguir\u00e1 su carrera en India"},"content":{"rendered":"<h3><strong><a href=\"http:\/\/www.cordobatimes.com\/deportes\/wp-content\/uploads\/2014\/07\/Trezeguet1.jpg\"><img loading=\"lazy\" decoding=\"async\" class=\"size-full wp-image-17779 aligncenter\" alt=\"Trezeguet\" src=\"http:\/\/www.cordobatimes.com\/deportes\/wp-content\/uploads\/2014\/07\/Trezeguet1.jpg\" width=\"586\" height=\"348\" data-id=\"17779\" srcset=\"https:\/\/www.cordobatimes.com\/deportes\/wp-content\/uploads\/2014\/07\/Trezeguet1.jpg 586w, https:\/\/www.cordobatimes.com\/deportes\/wp-content\/uploads\/2014\/07\/Trezeguet1-300x178.jpg 300w\" sizes=\"auto, (max-width: 586px) 100vw, 586px\" \/><\/a><\/strong><\/h3>\n<h3 style=\"text-align: justify;\"><strong>El delantero, sin lugar en River, decidi\u00f3 abandonar el f\u00fatbol argentino y continuar la actividad profesional en el Pune City de aquel pa\u00eds.<\/strong><\/h3>\n<p style=\"text-align: justify;\">\n<p style=\"text-align: justify;\">La informaci\u00f3n fue confirmada por la Federaci\u00f3n india, que recibi\u00f3 de la mejor manera la noticia sobre el arribo del hombre con reciente paso por Newell&#8217;s.<\/p>\n<p style=\"text-align: justify;\">Tras su pr\u00e9stamo en la instituci\u00f3n rosarina, el atacante de 36 a\u00f1os (en octubre cumplir\u00e1 37) no fue tenido en cuenta por Marcelo Gallardo y debi\u00f3 buscar nuevos horizontes. Pese a que su intenci\u00f3n era seguir jugando, la posibilidad del retiro cobro fuerza pero, finalmente, opt\u00f3 por desempe\u00f1arse en una liga con poco nivel de competencia.<\/p>\n<p style=\"text-align: justify;\">Trezeguet se sum\u00f3 a los fichajes estrella de Robert Pires y\u00a0Fredrik Ljungberg, quienes ya hab\u00edan dejado la actividad profesional.<\/p>\n<p>&nbsp;<\/p>\n<blockquote class=\"twitter-tweet\" lang=\"es\"><p>FC Pune City also announce its marquee player&#8230; and it is David Trezeguet, the French striker. <a href=\"https:\/\/twitter.com\/hashtag\/HeroISL?src=hash\">#HeroISL<\/a> <a href=\"http:\/\/t.co\/pHS1LqLbQ4\">pic.twitter.com\/pHS1LqLbQ4<\/a><\/p>\n<p>\u2014 Indian Super League (@IndSuperLeague) <a href=\"https:\/\/twitter.com\/IndSuperLeague\/statuses\/494424340767576064\">julio 30, 2014<\/a><\/p><\/blockquote>\n","protected":false},"excerpt":{"rendered":"<p>El delantero, sin lugar en River, decidi\u00f3 abandonar el f\u00fatbol argentino y continuar la actividad profesional en el Pune City de aquel pa\u00eds. La informaci\u00f3n fue confirmada por la Federaci\u00f3n india, que recibi\u00f3 de la mejor manera la noticia sobre el arribo del hombre con reciente paso por Newell&#8217;s. Tras su pr\u00e9stamo en la instituci\u00f3n [&hellip;]<\/p>\n","protected":false},"author":2,"featured_media":17779,"comment_status":"open","ping_status":"open","sticky":false,"template":"","format":"standard","meta":{"_seopress_robots_primary_cat":"","_seopress_titles_title":"","_seopress_titles_desc":"","_seopress_robots_index":"","footnotes":""},"categories":[2,18],"tags":[791,1174,2288],"class_list":["post-17778","post","type-post","status-publish","format-standard","has-post-thumbnail","hentry","category-futbol","category-futbol-internacional","tag-fichaje","tag-india","tag-trezeguet"],"_links":{"self":[{"href":"https:\/\/www.cordobatimes.com\/deportes\/wp-json\/wp\/v2\/posts\/17778","targetHints":{"allow":["GET"]}}],"collection":[{"href":"https:\/\/www.cordobatimes.com\/deportes\/wp-json\/wp\/v2\/posts"}],"about":[{"href":"https:\/\/www.cordobatimes.com\/deportes\/wp-json\/wp\/v2\/types\/post"}],"author":[{"embeddable":true,"href":"https:\/\/www.cordobatimes.com\/deportes\/wp-json\/wp\/v2\/users\/2"}],"replies":[{"embeddable":true,"href":"https:\/\/www.cordobatimes.com\/deportes\/wp-json\/wp\/v2\/comments?post=17778"}],"version-history":[{"count":0,"href":"https:\/\/www.cordobatimes.com\/deportes\/wp-json\/wp\/v2\/posts\/17778\/revisions"}],"wp:featuredmedia":[{"embeddable":true,"href":"https:\/\/www.cordobatimes.com\/deportes\/wp-json\/wp\/v2\/media\/17779"}],"wp:attachment":[{"href":"https:\/\/www.cordobatimes.com\/deportes\/wp-json\/wp\/v2\/media?parent=17778"}],"wp:term":[{"taxonomy":"category","embeddable":true,"href":"https:\/\/www.cordobatimes.com\/deportes\/wp-json\/wp\/v2\/categories?post=17778"},{"taxonomy":"post_tag","embeddable":true,"href":"https:\/\/www.cordobatimes.com\/deportes\/wp-json\/wp\/v2\/tags?post=17778"}],"curies":[{"name":"wp","href":"https:\/\/api.w.org\/{rel}","templated":true}]}}