{"id":17623,"date":"2014-07-26T14:31:30","date_gmt":"2014-07-26T17:31:30","guid":{"rendered":"http:\/\/www.cordobatimes.com\/deportes\/?p=17623"},"modified":"2014-07-26T14:31:30","modified_gmt":"2014-07-26T17:31:30","slug":"chiquito-romero-paso-al-benfica","status":"publish","type":"post","link":"https:\/\/www.cordobatimes.com\/deportes\/futbol\/2014\/07\/26\/chiquito-romero-paso-al-benfica\/","title":{"rendered":"&#8220;Chiquito&#8221; Romero pas\u00f3 al Benfica"},"content":{"rendered":"<p style=\"text-align: center;\"><a href=\"http:\/\/www.cordobatimes.com\/deportes\/wp-content\/uploads\/2014\/07\/Romero.jpg\"><img loading=\"lazy\" decoding=\"async\" class=\"size-full wp-image-17624 aligncenter\" alt=\"Romero\" src=\"http:\/\/www.cordobatimes.com\/deportes\/wp-content\/uploads\/2014\/07\/Romero.jpg\" width=\"770\" height=\"433\" data-id=\"17624\" srcset=\"https:\/\/www.cordobatimes.com\/deportes\/wp-content\/uploads\/2014\/07\/Romero.jpg 770w, https:\/\/www.cordobatimes.com\/deportes\/wp-content\/uploads\/2014\/07\/Romero-300x168.jpg 300w\" sizes=\"auto, (max-width: 770px) 100vw, 770px\" \/><\/a><\/p>\n<h3 style=\"text-align: justify;\"><b>El arquero de la Selecci\u00f3n Argentina fue transferido al equipo portugu\u00e9s seg\u00fan lo inform\u00f3 el peri\u00f3dico italiano la Gazzetta dello Sport.<\/b><\/h3>\n<p style=\"text-align: justify;\">\n<p style=\"text-align: justify;\">\n<p style=\"text-align: justify;\">Sergio Romero, uno de los puntos altos de la albiceleste en el Mundial de Brasil, pas\u00f3 de la Sampdoria al Benfica de Portugal seg\u00fan informan los medios italianos. La Gazzetta dello Sport, m\u00e1xima publicaci\u00f3n italiana en materia de deportes, inform\u00f3 que las \u00c1guilas compraron el pase de Chiquito en 800 mil euros.<\/p>\n<p style=\"text-align: justify;\">Ahora Romero tendr\u00e1 la posibilidad de volver a la titularidad en el equipo Luso, ya que estos vendieron al esloveno Jan Oblak al Atl\u00e9tico de Madrid del Cholo Simeone por 16 millones de euros.<\/p>\n<p style=\"text-align: justify;\">Chiquito hab\u00eda sido cedido por la Sampdoria al M\u00f3naco la temporada pasada, donde s\u00f3lo disputo tres encuentros. El momento de mayor regularidad del arquero surgido en Racing fue en el AZ Alkmaar de Holanda, donde tuvo constante participaci\u00f3n y pudo coronarse como campe\u00f3n de aquel pa\u00eds.<\/p>\n","protected":false},"excerpt":{"rendered":"<p>El arquero de la Selecci\u00f3n Argentina fue transferido al equipo portugu\u00e9s seg\u00fan lo inform\u00f3 el peri\u00f3dico italiano la Gazzetta dello Sport. Sergio Romero, uno de los puntos altos de la albiceleste en el Mundial de Brasil, pas\u00f3 de la Sampdoria al Benfica de Portugal seg\u00fan informan los medios italianos. La Gazzetta dello Sport, m\u00e1xima publicaci\u00f3n [&hellip;]<\/p>\n","protected":false},"author":15,"featured_media":17624,"comment_status":"open","ping_status":"open","sticky":false,"template":"","format":"standard","meta":{"_seopress_robots_primary_cat":"","_seopress_titles_title":"","_seopress_titles_desc":"","_seopress_robots_index":"","footnotes":""},"categories":[2,18],"tags":[1419,3444,3614],"class_list":["post-17623","post","type-post","status-publish","format-standard","has-post-thumbnail","hentry","category-futbol","category-futbol-internacional","tag-benfica","tag-sampdoria","tag-sergio-romero"],"_links":{"self":[{"href":"https:\/\/www.cordobatimes.com\/deportes\/wp-json\/wp\/v2\/posts\/17623","targetHints":{"allow":["GET"]}}],"collection":[{"href":"https:\/\/www.cordobatimes.com\/deportes\/wp-json\/wp\/v2\/posts"}],"about":[{"href":"https:\/\/www.cordobatimes.com\/deportes\/wp-json\/wp\/v2\/types\/post"}],"author":[{"embeddable":true,"href":"https:\/\/www.cordobatimes.com\/deportes\/wp-json\/wp\/v2\/users\/15"}],"replies":[{"embeddable":true,"href":"https:\/\/www.cordobatimes.com\/deportes\/wp-json\/wp\/v2\/comments?post=17623"}],"version-history":[{"count":0,"href":"https:\/\/www.cordobatimes.com\/deportes\/wp-json\/wp\/v2\/posts\/17623\/revisions"}],"wp:featuredmedia":[{"embeddable":true,"href":"https:\/\/www.cordobatimes.com\/deportes\/wp-json\/wp\/v2\/media\/17624"}],"wp:attachment":[{"href":"https:\/\/www.cordobatimes.com\/deportes\/wp-json\/wp\/v2\/media?parent=17623"}],"wp:term":[{"taxonomy":"category","embeddable":true,"href":"https:\/\/www.cordobatimes.com\/deportes\/wp-json\/wp\/v2\/categories?post=17623"},{"taxonomy":"post_tag","embeddable":true,"href":"https:\/\/www.cordobatimes.com\/deportes\/wp-json\/wp\/v2\/tags?post=17623"}],"curies":[{"name":"wp","href":"https:\/\/api.w.org\/{rel}","templated":true}]}}